{"id":10995,"date":"2026-08-31T16:07:04","date_gmt":"2026-08-31T15:07:04","guid":{"rendered":"https:\/\/www.lindovino.it\/?p=10995"},"modified":"2026-08-31T17:42:09","modified_gmt":"2026-08-31T16:42:09","slug":"giornate-del-pinot-nero-2026-2","status":"publish","type":"post","link":"https:\/\/www.lindovino.it\/index.php\/2026\/08\/31\/giornate-del-pinot-nero-2026-2\/","title":{"rendered":"OltreGusto Oltrep\u00f2 Terra di Pinot Nero 2026"},"content":{"rendered":"\n<p class=\"wp-block-paragraph\"><strong>Dal <strong>7<strong> <\/strong><\/strong>al 8 settembre 2026<\/strong><\/p>\n\n\n\n<figure class=\"wp-block-image size-large\"><img fetchpriority=\"high\" decoding=\"async\" width=\"1024\" height=\"571\" src=\"https:\/\/www.lindovino.it\/wp-content\/uploads\/2026\/08\/OltreGusto-2026-cibo-e-vino-raccontano-Oltrepo-Pavese-1140x636-1-1024x571-1.webp\" alt=\"\" class=\"wp-image-10998\" srcset=\"https:\/\/www.lindovino.it\/wp-content\/uploads\/2026\/08\/OltreGusto-2026-cibo-e-vino-raccontano-Oltrepo-Pavese-1140x636-1-1024x571-1.webp 1024w, https:\/\/www.lindovino.it\/wp-content\/uploads\/2026\/08\/OltreGusto-2026-cibo-e-vino-raccontano-Oltrepo-Pavese-1140x636-1-300x167.webp 300w, https:\/\/www.lindovino.it\/wp-content\/uploads\/2026\/08\/OltreGusto-2026-cibo-e-vino-raccontano-Oltrepo-Pavese-1140x636-1-149x83-1.webp 149w, https:\/\/www.lindovino.it\/wp-content\/uploads\/2026\/08\/OltreGusto-2026-cibo-e-vino-raccontano-Oltrepo-Pavese-1140x636-1-450x251-1.webp 450w, https:\/\/www.lindovino.it\/wp-content\/uploads\/2026\/08\/OltreGusto-2026-cibo-e-vino-raccontano-Oltrepo-Pavese-1140x636-1.webp 1140w\" sizes=\"(max-width: 1024px) 100vw, 1024px\" \/><\/figure>\n\n\n\n<h1 class=\"wp-block-heading has-larger-font-size\">Programma<\/h1>\n\n\n\n<p class=\"wp-block-paragraph\"><\/p>\n\n\n\n<h2 class=\"wp-block-heading\">Il programma dell\u2019edizione 2026<\/h2>\n\n\n\n<div class=\"wp-block-group\"><div class=\"wp-block-group__inner-container is-layout-constrained wp-block-group-is-layout-constrained\">\n<div class=\"wp-block-group\"><div class=\"wp-block-group__inner-container is-layout-constrained wp-block-group-is-layout-constrained\">\n<ul class=\"wp-block-list\">\n<li class=\"has-black-color has-text-color has-link-color wp-elements-1\"><strong>Date: <em>da luned\u00ec 7 settembre a marted\u00ec 8 settembre (dalle 19:00 alle 24:00)<\/em><\/strong><\/li>\n\n\n\n<li class=\"has-black-color has-text-color has-link-color wp-elements-2\"><strong>Localit\u00e0: <em>Oltrep\u00f2 Pavese<\/em><\/strong><\/li>\n<\/ul>\n<\/div><\/div>\n<\/div><\/div>\n\n\n\n<hr class=\"wp-block-separator has-alpha-channel-opacity\"\/>\n\n\n\n<figure class=\"wp-block-image size-full is-resized\"><img decoding=\"async\" width=\"900\" height=\"674\" src=\"https:\/\/www.lindovino.it\/wp-content\/uploads\/2026\/08\/oltrepo-pavese-0802-1-e1786112372493.jpg\" alt=\"\" class=\"wp-image-10999\" style=\"width:780px;height:auto\" srcset=\"https:\/\/www.lindovino.it\/wp-content\/uploads\/2026\/08\/oltrepo-pavese-0802-1-e1786112372493.jpg 900w, https:\/\/www.lindovino.it\/wp-content\/uploads\/2026\/08\/oltrepo-pavese-0802-1-e1786112372493-300x225.jpg 300w, https:\/\/www.lindovino.it\/wp-content\/uploads\/2026\/08\/oltrepo-pavese-0802-1-e1786112372493-450x337.jpg 450w, https:\/\/www.lindovino.it\/wp-content\/uploads\/2026\/08\/oltrepo-pavese-0802-1-e1786112372493-150x112.jpg 150w\" sizes=\"(max-width: 900px) 100vw, 900px\" \/><\/figure>\n\n\n\n<h3 class=\"wp-block-heading\"><em>Il 2026, l\u2019anno che ha visto il lancio ufficiale del Classese e l\u2019annuncio di un nuovo progetto sui vini fermi \u2014 con la menzione storica Montenapoleone \u2014, porta in scena anche un\u2019ulteriore novit\u00e0 per il Consorzio Vini Oltrep\u00f2 Pavese: nasce&nbsp;<strong>OltreGusto Oltrep\u00f2 Terra di Pinot Nero<\/strong>, unione della sesta edizione dell\u2019evento consortile dedicato al metodo classico DOCG e al Pinot nero DOC (in rosso) e della seconda edizione di Oltregusto, che riunisce sapori locali ed eccellenze enogastronomiche.<\/em><\/h3>\n\n\n\n<p class=\"wp-block-paragraph\">L\u2019<strong>inaugurazione<\/strong>&nbsp;si terr\u00e0&nbsp;<strong>luned\u00ec 7<\/strong>&nbsp;<strong>settembre<\/strong>&nbsp;nell\u2019incantevole cornice del&nbsp;<strong>Teatro Valentino Garavani di Voghera&nbsp;<\/strong>(PV), dove alle 9.30 si svolgeranno i saluti istituzionali, seguiti da una&nbsp;<strong>masterclass tecnica<\/strong>&nbsp;tenuta da&nbsp;<strong>Alessandro Masnaghetti<\/strong>, il pi\u00f9 autorevole creatore di mappe vitivinicole. Con lui si approfondir\u00e0 il lavoro di studio e mappatura svolto sul territorio nel corso degli ultimi mesi, che ha condotto alla creazione di un breve volume sui principali aspetti che disegnano il panorama vitivinicolo e alle immancabili mappe in 2d e 3d dell\u2019Oltrep\u00f2 Pavese.<\/p>\n\n\n\n<figure class=\"wp-block-gallery has-nested-images columns-default is-cropped wp-block-gallery-1 is-layout-flex wp-block-gallery-is-layout-flex\">\n<figure class=\"wp-block-image size-full\"><img decoding=\"async\" width=\"1200\" height=\"800\" data-id=\"11000\" src=\"https:\/\/www.lindovino.it\/wp-content\/uploads\/2026\/08\/cosa-fare-weekend-oltrepo-pavese-luglio-2026-1.jpg\" alt=\"\" class=\"wp-image-11000\" srcset=\"https:\/\/www.lindovino.it\/wp-content\/uploads\/2026\/08\/cosa-fare-weekend-oltrepo-pavese-luglio-2026-1.jpg 1200w, https:\/\/www.lindovino.it\/wp-content\/uploads\/2026\/08\/cosa-fare-weekend-oltrepo-pavese-luglio-2026-1-1024x683.jpg 1024w, https:\/\/www.lindovino.it\/wp-content\/uploads\/2026\/08\/cosa-fare-weekend-oltrepo-pavese-luglio-2026-1-300x200.jpg 300w, https:\/\/www.lindovino.it\/wp-content\/uploads\/2026\/08\/cosa-fare-weekend-oltrepo-pavese-luglio-2026-1-150x100.jpg 150w, https:\/\/www.lindovino.it\/wp-content\/uploads\/2026\/08\/cosa-fare-weekend-oltrepo-pavese-luglio-2026-1-450x300.jpg 450w\" sizes=\"(max-width: 1200px) 100vw, 1200px\" \/><\/figure>\n<\/figure>\n\n\n\n<p class=\"wp-block-paragraph\">Oltrep\u00f2 Terra di Pinot Nero prosegue poi nel giardino dell\u2019<strong>Istituto Gallini di Voghera<\/strong>, tempio dell\u2019educazione agraria dal 1894. Qui, dalle ore 11 alle 17 saranno aperti i&nbsp;<strong>banchi di assaggio di 32 cantine<\/strong>, che proporranno in degustazione a stampa e operatori oltre cento etichette di&nbsp;<strong>Classese<\/strong>,&nbsp;<strong>Metodo Classico dell\u2019Oltrep\u00f2 Pavese DOCG<\/strong>&nbsp;e&nbsp;<strong>Pinot Nero dell\u2019Oltrep\u00f2 Pavese DOC<\/strong>.<\/p>\n\n\n\n<p class=\"wp-block-paragraph\">Contemporaneamente, saranno a disposizione due&nbsp;<strong>sessioni di degustazione alla cieca<\/strong>&nbsp;dei&nbsp;<em>blanc de noirs<\/em>&nbsp;e&nbsp;<em>ros\u00e9 de noir<\/em>oltrepadani, al mattino dalle ore 12.00 per la stampa e nel pomeriggio dalle ore 14.30 per gli operatori, occasione per un approfondimento sistematico della denominazione, soprattutto nel segno del Classese.<\/p>\n\n\n\n<figure class=\"wp-block-image size-full\"><img loading=\"lazy\" decoding=\"async\" width=\"1024\" height=\"683\" src=\"https:\/\/www.lindovino.it\/wp-content\/uploads\/2026\/08\/Oltrepo-Pavese-Foto-Linda-Vukaj-Agenzia-AICOD-7659-1024x683-1.jpg\" alt=\"\" class=\"wp-image-11001\" srcset=\"https:\/\/www.lindovino.it\/wp-content\/uploads\/2026\/08\/Oltrepo-Pavese-Foto-Linda-Vukaj-Agenzia-AICOD-7659-1024x683-1.jpg 1024w, https:\/\/www.lindovino.it\/wp-content\/uploads\/2026\/08\/Oltrepo-Pavese-Foto-Linda-Vukaj-Agenzia-AICOD-7659-1024x683-1-300x200.jpg 300w, https:\/\/www.lindovino.it\/wp-content\/uploads\/2026\/08\/Oltrepo-Pavese-Foto-Linda-Vukaj-Agenzia-AICOD-7659-1024x683-1-768x512.jpg 768w, https:\/\/www.lindovino.it\/wp-content\/uploads\/2026\/08\/Oltrepo-Pavese-Foto-Linda-Vukaj-Agenzia-AICOD-7659-1024x683-1-150x100.jpg 150w, https:\/\/www.lindovino.it\/wp-content\/uploads\/2026\/08\/Oltrepo-Pavese-Foto-Linda-Vukaj-Agenzia-AICOD-7659-1024x683-1-450x300.jpg 450w\" sizes=\"(max-width: 1024px) 100vw, 1024px\" \/><\/figure>\n\n\n\n<p class=\"wp-block-paragraph\">Luned\u00ec 7 e marted\u00ec 8 settembre, dalle 19 alle 24, i visitatori potranno vivere un\u2019esperienza unica all\u2019insegna del gusto, continuando a&nbsp;<strong>degustare i vini DOCG e DOC dell\u2019Oltrep\u00f2 Pavese<\/strong>, ma incontrando anche i migliori&nbsp;<strong>ristoratori del territorio<\/strong>&nbsp;e scoprendo&nbsp;<strong>prodotti d\u2019eccellenza<\/strong>&nbsp;grazie alla presenza delle aziende partner dell\u2019evento.<\/p>\n\n\n\n<p class=\"wp-block-paragraph\">Per ciascuna serata, saranno disponibili 5 degustazioni vino e 9 assaggi di altrettanti&nbsp;<strong>ristoranti oltrepadani&nbsp;<\/strong>che proporranno piatti caldi e freddi, dolci e salati, tratti dal loro migliore repertorio. Ad affiancarli, per\u00f2, ci saranno anche gli&nbsp;<strong>show cooking con chef stellati<\/strong>&nbsp;italiani e ospiti di prestigio, che si alterneranno sul palco preparando dal vivo le proprie creazioni.<\/p>\n\n\n\n<figure class=\"wp-block-image size-large\"><img loading=\"lazy\" decoding=\"async\" width=\"1024\" height=\"571\" src=\"https:\/\/www.lindovino.it\/wp-content\/uploads\/2026\/08\/OltreGusto-2026-cibo-e-vino-raccontano-Oltrepo-Pavese-degustazione-1140x636-1-1024x571.webp\" alt=\"\" class=\"wp-image-11002\" srcset=\"https:\/\/www.lindovino.it\/wp-content\/uploads\/2026\/08\/OltreGusto-2026-cibo-e-vino-raccontano-Oltrepo-Pavese-degustazione-1140x636-1-1024x571.webp 1024w, https:\/\/www.lindovino.it\/wp-content\/uploads\/2026\/08\/OltreGusto-2026-cibo-e-vino-raccontano-Oltrepo-Pavese-degustazione-1140x636-1-300x167.webp 300w, https:\/\/www.lindovino.it\/wp-content\/uploads\/2026\/08\/OltreGusto-2026-cibo-e-vino-raccontano-Oltrepo-Pavese-degustazione-1140x636-1-149x83.webp 149w, https:\/\/www.lindovino.it\/wp-content\/uploads\/2026\/08\/OltreGusto-2026-cibo-e-vino-raccontano-Oltrepo-Pavese-degustazione-1140x636-1-450x251.webp 450w, https:\/\/www.lindovino.it\/wp-content\/uploads\/2026\/08\/OltreGusto-2026-cibo-e-vino-raccontano-Oltrepo-Pavese-degustazione-1140x636-1.webp 1140w\" sizes=\"(max-width: 1024px) 100vw, 1024px\" \/><\/figure>\n\n\n\n<p class=\"wp-block-paragraph\"><em>Luned\u00ec 7 settembre 2026:<\/em><\/p>\n\n\n\n<p class=\"wp-block-paragraph\"><strong><em>&#8220;Inaugurazione&#8221;<\/em><\/strong>. Alle ore 9:30 in zona Teatro Valentino Garavani, si svolgeranno i saluti istituzionali, e inizier\u00e0 l&#8217;evento.<\/p>\n\n\n\n<p class=\"wp-block-paragraph\"><strong><em>&#8220;<strong>Masterclass tecnica<\/strong>&nbsp;tenuta da&nbsp;<strong>Alessandro Masnaghetti<\/strong>&#8220;<\/em><\/strong>. Alle ore 10:30 in zona Teatro Valentino Garavani, con lui si approfondir\u00e0 il lavoro di studio e mappatura svolto sul territorio nel corso degli ultimi mesi.<\/p>\n\n\n\n<p class=\"wp-block-paragraph\"><strong><em>&#8220;<strong><strong>Banchi di assaggio di 32 cantine<\/strong><\/strong>&#8220;<\/em><\/strong>. Dalle 11:00 alle 17:00 in zona Istituto Carlo Gallini, proporranno in degustazione a stampa e operatori oltre cento etichette di&nbsp;<strong>Classese<\/strong>,&nbsp;<strong>Metodo Classico dell\u2019Oltrep\u00f2 Pavese DOCG<\/strong>&nbsp;e&nbsp;<strong>Pinot Nero dell\u2019Oltrep\u00f2 Pavese DOC<\/strong>.<\/p>\n\n\n\n<p class=\"wp-block-paragraph\"><strong><em>&#8220;<strong>Degustazione per la stampa<\/strong>&#8220;<\/em><\/strong>. Alle ore 12:00 in zona Istituto Carlo Gallini, <strong>degustazione alla cieca<\/strong>&nbsp;dei&nbsp;<em>blanc de noirs<\/em>&nbsp;e&nbsp;<em>ros\u00e9 de noir<\/em>oltrepadani.<\/p>\n\n\n\n<p class=\"wp-block-paragraph\"><strong><em>&#8220;<strong>Degustazione Classese e OP<\/strong> Metodo Classico DOCG&#8221;<\/em><\/strong>. Alle ore 14:30 in zona Istituto Carlo Gallini, <strong>degustazione alla cieca<\/strong>&nbsp;dei&nbsp;<em>blanc de noirs<\/em>&nbsp;e&nbsp;<em>ros\u00e9 de noir<\/em>oltrepadani.<\/p>\n\n\n\n<p class=\"wp-block-paragraph\"><strong><em>&#8220;<strong>Oltregusto<\/strong>&#8220;<\/em><\/strong>. Dalle 19:00 alle 24:00 in zona Istituto Carlo Gallini.<\/p>\n\n\n\n<hr class=\"wp-block-separator has-alpha-channel-opacity\"\/>\n\n\n\n<p class=\"wp-block-paragraph\"><em>Marted\u00ec 8 settembre 2026:<\/em><\/p>\n\n\n\n<p class=\"wp-block-paragraph\"><strong><em>&#8220;<strong>Oltregusto<\/strong>&#8220;<\/em><\/strong>. Dalle 19:00 alle 24:00 in zona Istituto Carlo Gallini.<\/p>\n\n\n\n<figure class=\"wp-block-image size-full\"><img loading=\"lazy\" decoding=\"async\" width=\"800\" height=\"450\" src=\"https:\/\/www.lindovino.it\/wp-content\/uploads\/2026\/08\/171211938-b401e070-b645-4b27-830a-6f61f35597e6.jpg\" alt=\"\" class=\"wp-image-11003\" srcset=\"https:\/\/www.lindovino.it\/wp-content\/uploads\/2026\/08\/171211938-b401e070-b645-4b27-830a-6f61f35597e6.jpg 800w, https:\/\/www.lindovino.it\/wp-content\/uploads\/2026\/08\/171211938-b401e070-b645-4b27-830a-6f61f35597e6-300x169.jpg 300w, https:\/\/www.lindovino.it\/wp-content\/uploads\/2026\/08\/171211938-b401e070-b645-4b27-830a-6f61f35597e6-450x253.jpg 450w, https:\/\/www.lindovino.it\/wp-content\/uploads\/2026\/08\/171211938-b401e070-b645-4b27-830a-6f61f35597e6-149x84.jpg 149w\" sizes=\"(max-width: 800px) 100vw, 800px\" \/><\/figure>\n\n\n\n<p class=\"has-black-color has-text-color has-link-color has-large-font-size wp-elements-3 wp-block-paragraph\"><strong>Prenotazione:<\/strong><\/p>\n\n\n\n<p class=\"wp-block-paragraph\">La partecipazione a Oltrep\u00f2 Terra di Pinot Nero \u00e8 riservata a stampa e operatori accreditati. L\u2019accesso a Oltregusto \u00e8 aperto al pubblico, acquistando il biglietto al seguente link:<\/p>\n\n\n\n<p class=\"wp-block-paragraph\"><strong><a href=\"http:\/\/eventboost-ticketing.myshopify.com\/\">eventboost-ticketing.myshopify.com<\/a><\/strong><\/p>\n\n\n\n<p class=\"wp-block-paragraph\"><em><strong>Il prezzo del biglietto giornaliero \u00e8 di 90\u20ac a persona<\/strong><\/em><\/p>\n\n\n\n<p class=\"has-black-color has-text-color has-link-color has-large-font-size wp-elements-4 wp-block-paragraph\"><strong>Contatti ed Informazioni pratiche:<\/strong><\/p>\n\n\n\n<p class=\"wp-block-paragraph\">Sito dell&#8217;evento: <strong><a href=\"https:\/\/www.classeseoltrepopavese.it\/oltregusto-oltrepo-terra-di-pinot-nero\/\">Oltrep\u00f2 Pavese<\/a><\/strong><\/p>\n\n\n\n<p class=\"wp-block-paragraph\"><strong>Segreteria organizzativa e accrediti operatori Oltrep\u00f2 Terra di Pinot Nero<\/strong>: <\/p>\n\n\n\n<ul class=\"wp-block-list\">\n<li>Scaramuzzi Team, +39 055 494949,&nbsp;<a href=\"mailto:scaramuzzi@scaramuzziteam.com\">scaramuzzi@scaramuzziteam.com<\/a><\/li>\n<\/ul>\n\n\n\n<p class=\"wp-block-paragraph\"><strong>Ufficio e accrediti stampa<\/strong>: <\/p>\n\n\n\n<ul class=\"wp-block-list\">\n<li>AB Comunicazione,&nbsp;&nbsp;<a href=\"mailto:pressoffice@ab-comunicazione.it\">pressoffice@ab-comunicazione.it<\/a><\/li>\n<\/ul>\n","protected":false},"excerpt":{"rendered":"<p>Dal 7 al 8 settembre 2026 Programma Il programma dell\u2019edizione 2026 Il 2026, l\u2019anno che ha visto il lancio ufficiale del Classese e l\u2019annuncio di un nuovo progetto sui vini fermi \u2014 con la menzione storica Montenapoleone \u2014, porta in scena anche un\u2019ulteriore novit\u00e0 per il Consorzio Vini Oltrep\u00f2 Pavese: nasce&nbsp;OltreGusto Oltrep\u00f2 Terra di Pinot<\/p>\n","protected":false},"author":2,"featured_media":11004,"comment_status":"open","ping_status":"open","sticky":false,"template":"","format":"standard","meta":{"footnotes":""},"categories":[35],"tags":[],"class_list":["post-10995","post","type-post","status-publish","format-standard","has-post-thumbnail","category-anteprime"],"yoast_head":"<!-- This site is optimized with the Yoast SEO plugin v27.5 - https:\/\/yoast.com\/product\/yoast-seo-wordpress\/ -->\n<title>OltreGusto Oltrep\u00f2 Terra di Pinot Nero 2026 - L&#039;indovino<\/title>\n<meta name=\"robots\" content=\"index, follow, max-snippet:-1, max-image-preview:large, max-video-preview:-1\" \/>\n<link rel=\"canonical\" href=\"https:\/\/www.lindovino.it\/index.php\/2026\/08\/31\/giornate-del-pinot-nero-2026-2\/\" \/>\n<meta property=\"og:locale\" content=\"it_IT\" \/>\n<meta property=\"og:type\" content=\"article\" \/>\n<meta property=\"og:title\" content=\"OltreGusto Oltrep\u00f2 Terra di Pinot Nero 2026 - L&#039;indovino\" \/>\n<meta property=\"og:description\" content=\"Dal 7 al 8 settembre 2026 Programma Il programma dell\u2019edizione 2026 Il 2026, l\u2019anno che ha visto il lancio ufficiale del Classese e l\u2019annuncio di un nuovo progetto sui vini fermi \u2014 con la menzione storica Montenapoleone \u2014, porta in scena anche un\u2019ulteriore novit\u00e0 per il Consorzio Vini Oltrep\u00f2 Pavese: nasce&nbsp;OltreGusto Oltrep\u00f2 Terra di Pinot\" \/>\n<meta property=\"og:url\" content=\"https:\/\/www.lindovino.it\/index.php\/2026\/08\/31\/giornate-del-pinot-nero-2026-2\/\" \/>\n<meta property=\"og:site_name\" content=\"L&#039;indovino\" \/>\n<meta property=\"article:published_time\" content=\"2026-08-31T15:07:04+00:00\" \/>\n<meta property=\"article:modified_time\" content=\"2026-08-31T16:42:09+00:00\" \/>\n<meta property=\"og:image\" content=\"https:\/\/www.lindovino.it\/wp-content\/uploads\/2026\/08\/25oltrepooltregusto-e1787815906499.jpg\" \/>\n\t<meta property=\"og:image:width\" content=\"600\" \/>\n\t<meta property=\"og:image:height\" content=\"381\" \/>\n\t<meta property=\"og:image:type\" content=\"image\/jpeg\" \/>\n<meta name=\"author\" content=\"Marzio Dal Toso\" \/>\n<meta name=\"twitter:card\" content=\"summary_large_image\" \/>\n<meta name=\"twitter:label1\" content=\"Scritto da\" \/>\n\t<meta name=\"twitter:data1\" content=\"Marzio Dal Toso\" \/>\n\t<meta name=\"twitter:label2\" content=\"Tempo di lettura stimato\" \/>\n\t<meta name=\"twitter:data2\" content=\"5 minuti\" \/>\n<script type=\"application\/ld+json\" class=\"yoast-schema-graph\">{\"@context\":\"https:\\\/\\\/schema.org\",\"@graph\":[{\"@type\":\"Article\",\"@id\":\"https:\\\/\\\/www.lindovino.it\\\/index.php\\\/2026\\\/08\\\/31\\\/giornate-del-pinot-nero-2026-2\\\/#article\",\"isPartOf\":{\"@id\":\"https:\\\/\\\/www.lindovino.it\\\/index.php\\\/2026\\\/08\\\/31\\\/giornate-del-pinot-nero-2026-2\\\/\"},\"author\":{\"name\":\"Marzio Dal Toso\",\"@id\":\"https:\\\/\\\/www.lindovino.it\\\/#\\\/schema\\\/person\\\/2d549136e06f2a35952e1b37997eac66\"},\"headline\":\"OltreGusto Oltrep\u00f2 Terra di Pinot Nero 2026\",\"datePublished\":\"2026-08-31T15:07:04+00:00\",\"dateModified\":\"2026-08-31T16:42:09+00:00\",\"mainEntityOfPage\":{\"@id\":\"https:\\\/\\\/www.lindovino.it\\\/index.php\\\/2026\\\/08\\\/31\\\/giornate-del-pinot-nero-2026-2\\\/\"},\"wordCount\":665,\"commentCount\":0,\"image\":{\"@id\":\"https:\\\/\\\/www.lindovino.it\\\/index.php\\\/2026\\\/08\\\/31\\\/giornate-del-pinot-nero-2026-2\\\/#primaryimage\"},\"thumbnailUrl\":\"https:\\\/\\\/www.lindovino.it\\\/wp-content\\\/uploads\\\/2026\\\/08\\\/25oltrepooltregusto-e1787815906499.jpg\",\"articleSection\":[\"Anteprime\"],\"inLanguage\":\"it-IT\",\"potentialAction\":[{\"@type\":\"CommentAction\",\"name\":\"Comment\",\"target\":[\"https:\\\/\\\/www.lindovino.it\\\/index.php\\\/2026\\\/08\\\/31\\\/giornate-del-pinot-nero-2026-2\\\/#respond\"]}]},{\"@type\":\"WebPage\",\"@id\":\"https:\\\/\\\/www.lindovino.it\\\/index.php\\\/2026\\\/08\\\/31\\\/giornate-del-pinot-nero-2026-2\\\/\",\"url\":\"https:\\\/\\\/www.lindovino.it\\\/index.php\\\/2026\\\/08\\\/31\\\/giornate-del-pinot-nero-2026-2\\\/\",\"name\":\"OltreGusto Oltrep\u00f2 Terra di Pinot Nero 2026 - L&#039;indovino\",\"isPartOf\":{\"@id\":\"https:\\\/\\\/www.lindovino.it\\\/#website\"},\"primaryImageOfPage\":{\"@id\":\"https:\\\/\\\/www.lindovino.it\\\/index.php\\\/2026\\\/08\\\/31\\\/giornate-del-pinot-nero-2026-2\\\/#primaryimage\"},\"image\":{\"@id\":\"https:\\\/\\\/www.lindovino.it\\\/index.php\\\/2026\\\/08\\\/31\\\/giornate-del-pinot-nero-2026-2\\\/#primaryimage\"},\"thumbnailUrl\":\"https:\\\/\\\/www.lindovino.it\\\/wp-content\\\/uploads\\\/2026\\\/08\\\/25oltrepooltregusto-e1787815906499.jpg\",\"datePublished\":\"2026-08-31T15:07:04+00:00\",\"dateModified\":\"2026-08-31T16:42:09+00:00\",\"author\":{\"@id\":\"https:\\\/\\\/www.lindovino.it\\\/#\\\/schema\\\/person\\\/2d549136e06f2a35952e1b37997eac66\"},\"breadcrumb\":{\"@id\":\"https:\\\/\\\/www.lindovino.it\\\/index.php\\\/2026\\\/08\\\/31\\\/giornate-del-pinot-nero-2026-2\\\/#breadcrumb\"},\"inLanguage\":\"it-IT\",\"potentialAction\":[{\"@type\":\"ReadAction\",\"target\":[\"https:\\\/\\\/www.lindovino.it\\\/index.php\\\/2026\\\/08\\\/31\\\/giornate-del-pinot-nero-2026-2\\\/\"]}]},{\"@type\":\"ImageObject\",\"inLanguage\":\"it-IT\",\"@id\":\"https:\\\/\\\/www.lindovino.it\\\/index.php\\\/2026\\\/08\\\/31\\\/giornate-del-pinot-nero-2026-2\\\/#primaryimage\",\"url\":\"https:\\\/\\\/www.lindovino.it\\\/wp-content\\\/uploads\\\/2026\\\/08\\\/25oltrepooltregusto-e1787815906499.jpg\",\"contentUrl\":\"https:\\\/\\\/www.lindovino.it\\\/wp-content\\\/uploads\\\/2026\\\/08\\\/25oltrepooltregusto-e1787815906499.jpg\",\"width\":600,\"height\":381},{\"@type\":\"BreadcrumbList\",\"@id\":\"https:\\\/\\\/www.lindovino.it\\\/index.php\\\/2026\\\/08\\\/31\\\/giornate-del-pinot-nero-2026-2\\\/#breadcrumb\",\"itemListElement\":[{\"@type\":\"ListItem\",\"position\":1,\"name\":\"Home\",\"item\":\"https:\\\/\\\/www.lindovino.it\\\/\"},{\"@type\":\"ListItem\",\"position\":2,\"name\":\"OltreGusto Oltrep\u00f2 Terra di Pinot Nero 2026\"}]},{\"@type\":\"WebSite\",\"@id\":\"https:\\\/\\\/www.lindovino.it\\\/#website\",\"url\":\"https:\\\/\\\/www.lindovino.it\\\/\",\"name\":\"L&#039;indovino\",\"description\":\"L&#039;Indovino vive il Vino\",\"potentialAction\":[{\"@type\":\"SearchAction\",\"target\":{\"@type\":\"EntryPoint\",\"urlTemplate\":\"https:\\\/\\\/www.lindovino.it\\\/?s={search_term_string}\"},\"query-input\":{\"@type\":\"PropertyValueSpecification\",\"valueRequired\":true,\"valueName\":\"search_term_string\"}}],\"inLanguage\":\"it-IT\"},{\"@type\":\"Person\",\"@id\":\"https:\\\/\\\/www.lindovino.it\\\/#\\\/schema\\\/person\\\/2d549136e06f2a35952e1b37997eac66\",\"name\":\"Marzio Dal Toso\",\"image\":{\"@type\":\"ImageObject\",\"inLanguage\":\"it-IT\",\"@id\":\"https:\\\/\\\/secure.gravatar.com\\\/avatar\\\/e16f73b26374df5bb512df26ab7b9a781f40f8d1013981737075352a8bf52ce5?s=96&d=mm&r=g\",\"url\":\"https:\\\/\\\/secure.gravatar.com\\\/avatar\\\/e16f73b26374df5bb512df26ab7b9a781f40f8d1013981737075352a8bf52ce5?s=96&d=mm&r=g\",\"contentUrl\":\"https:\\\/\\\/secure.gravatar.com\\\/avatar\\\/e16f73b26374df5bb512df26ab7b9a781f40f8d1013981737075352a8bf52ce5?s=96&d=mm&r=g\",\"caption\":\"Marzio Dal Toso\"},\"url\":\"https:\\\/\\\/www.lindovino.it\\\/index.php\\\/author\\\/marziodaltoso\\\/\"}]}<\/script>\n<!-- \/ Yoast SEO plugin. -->","yoast_head_json":{"title":"OltreGusto Oltrep\u00f2 Terra di Pinot Nero 2026 - L&#039;indovino","robots":{"index":"index","follow":"follow","max-snippet":"max-snippet:-1","max-image-preview":"max-image-preview:large","max-video-preview":"max-video-preview:-1"},"canonical":"https:\/\/www.lindovino.it\/index.php\/2026\/08\/31\/giornate-del-pinot-nero-2026-2\/","og_locale":"it_IT","og_type":"article","og_title":"OltreGusto Oltrep\u00f2 Terra di Pinot Nero 2026 - L&#039;indovino","og_description":"Dal 7 al 8 settembre 2026 Programma Il programma dell\u2019edizione 2026 Il 2026, l\u2019anno che ha visto il lancio ufficiale del Classese e l\u2019annuncio di un nuovo progetto sui vini fermi \u2014 con la menzione storica Montenapoleone \u2014, porta in scena anche un\u2019ulteriore novit\u00e0 per il Consorzio Vini Oltrep\u00f2 Pavese: nasce&nbsp;OltreGusto Oltrep\u00f2 Terra di Pinot","og_url":"https:\/\/www.lindovino.it\/index.php\/2026\/08\/31\/giornate-del-pinot-nero-2026-2\/","og_site_name":"L&#039;indovino","article_published_time":"2026-08-31T15:07:04+00:00","article_modified_time":"2026-08-31T16:42:09+00:00","og_image":[{"width":600,"height":381,"url":"https:\/\/www.lindovino.it\/wp-content\/uploads\/2026\/08\/25oltrepooltregusto-e1787815906499.jpg","type":"image\/jpeg"}],"author":"Marzio Dal Toso","twitter_card":"summary_large_image","twitter_misc":{"Scritto da":"Marzio Dal Toso","Tempo di lettura stimato":"5 minuti"},"schema":{"@context":"https:\/\/schema.org","@graph":[{"@type":"Article","@id":"https:\/\/www.lindovino.it\/index.php\/2026\/08\/31\/giornate-del-pinot-nero-2026-2\/#article","isPartOf":{"@id":"https:\/\/www.lindovino.it\/index.php\/2026\/08\/31\/giornate-del-pinot-nero-2026-2\/"},"author":{"name":"Marzio Dal Toso","@id":"https:\/\/www.lindovino.it\/#\/schema\/person\/2d549136e06f2a35952e1b37997eac66"},"headline":"OltreGusto Oltrep\u00f2 Terra di Pinot Nero 2026","datePublished":"2026-08-31T15:07:04+00:00","dateModified":"2026-08-31T16:42:09+00:00","mainEntityOfPage":{"@id":"https:\/\/www.lindovino.it\/index.php\/2026\/08\/31\/giornate-del-pinot-nero-2026-2\/"},"wordCount":665,"commentCount":0,"image":{"@id":"https:\/\/www.lindovino.it\/index.php\/2026\/08\/31\/giornate-del-pinot-nero-2026-2\/#primaryimage"},"thumbnailUrl":"https:\/\/www.lindovino.it\/wp-content\/uploads\/2026\/08\/25oltrepooltregusto-e1787815906499.jpg","articleSection":["Anteprime"],"inLanguage":"it-IT","potentialAction":[{"@type":"CommentAction","name":"Comment","target":["https:\/\/www.lindovino.it\/index.php\/2026\/08\/31\/giornate-del-pinot-nero-2026-2\/#respond"]}]},{"@type":"WebPage","@id":"https:\/\/www.lindovino.it\/index.php\/2026\/08\/31\/giornate-del-pinot-nero-2026-2\/","url":"https:\/\/www.lindovino.it\/index.php\/2026\/08\/31\/giornate-del-pinot-nero-2026-2\/","name":"OltreGusto Oltrep\u00f2 Terra di Pinot Nero 2026 - L&#039;indovino","isPartOf":{"@id":"https:\/\/www.lindovino.it\/#website"},"primaryImageOfPage":{"@id":"https:\/\/www.lindovino.it\/index.php\/2026\/08\/31\/giornate-del-pinot-nero-2026-2\/#primaryimage"},"image":{"@id":"https:\/\/www.lindovino.it\/index.php\/2026\/08\/31\/giornate-del-pinot-nero-2026-2\/#primaryimage"},"thumbnailUrl":"https:\/\/www.lindovino.it\/wp-content\/uploads\/2026\/08\/25oltrepooltregusto-e1787815906499.jpg","datePublished":"2026-08-31T15:07:04+00:00","dateModified":"2026-08-31T16:42:09+00:00","author":{"@id":"https:\/\/www.lindovino.it\/#\/schema\/person\/2d549136e06f2a35952e1b37997eac66"},"breadcrumb":{"@id":"https:\/\/www.lindovino.it\/index.php\/2026\/08\/31\/giornate-del-pinot-nero-2026-2\/#breadcrumb"},"inLanguage":"it-IT","potentialAction":[{"@type":"ReadAction","target":["https:\/\/www.lindovino.it\/index.php\/2026\/08\/31\/giornate-del-pinot-nero-2026-2\/"]}]},{"@type":"ImageObject","inLanguage":"it-IT","@id":"https:\/\/www.lindovino.it\/index.php\/2026\/08\/31\/giornate-del-pinot-nero-2026-2\/#primaryimage","url":"https:\/\/www.lindovino.it\/wp-content\/uploads\/2026\/08\/25oltrepooltregusto-e1787815906499.jpg","contentUrl":"https:\/\/www.lindovino.it\/wp-content\/uploads\/2026\/08\/25oltrepooltregusto-e1787815906499.jpg","width":600,"height":381},{"@type":"BreadcrumbList","@id":"https:\/\/www.lindovino.it\/index.php\/2026\/08\/31\/giornate-del-pinot-nero-2026-2\/#breadcrumb","itemListElement":[{"@type":"ListItem","position":1,"name":"Home","item":"https:\/\/www.lindovino.it\/"},{"@type":"ListItem","position":2,"name":"OltreGusto Oltrep\u00f2 Terra di Pinot Nero 2026"}]},{"@type":"WebSite","@id":"https:\/\/www.lindovino.it\/#website","url":"https:\/\/www.lindovino.it\/","name":"L&#039;indovino","description":"L&#039;Indovino vive il Vino","potentialAction":[{"@type":"SearchAction","target":{"@type":"EntryPoint","urlTemplate":"https:\/\/www.lindovino.it\/?s={search_term_string}"},"query-input":{"@type":"PropertyValueSpecification","valueRequired":true,"valueName":"search_term_string"}}],"inLanguage":"it-IT"},{"@type":"Person","@id":"https:\/\/www.lindovino.it\/#\/schema\/person\/2d549136e06f2a35952e1b37997eac66","name":"Marzio Dal Toso","image":{"@type":"ImageObject","inLanguage":"it-IT","@id":"https:\/\/secure.gravatar.com\/avatar\/e16f73b26374df5bb512df26ab7b9a781f40f8d1013981737075352a8bf52ce5?s=96&d=mm&r=g","url":"https:\/\/secure.gravatar.com\/avatar\/e16f73b26374df5bb512df26ab7b9a781f40f8d1013981737075352a8bf52ce5?s=96&d=mm&r=g","contentUrl":"https:\/\/secure.gravatar.com\/avatar\/e16f73b26374df5bb512df26ab7b9a781f40f8d1013981737075352a8bf52ce5?s=96&d=mm&r=g","caption":"Marzio Dal Toso"},"url":"https:\/\/www.lindovino.it\/index.php\/author\/marziodaltoso\/"}]}},"_links":{"self":[{"href":"https:\/\/www.lindovino.it\/index.php\/wp-json\/wp\/v2\/posts\/10995","targetHints":{"allow":["GET"]}}],"collection":[{"href":"https:\/\/www.lindovino.it\/index.php\/wp-json\/wp\/v2\/posts"}],"about":[{"href":"https:\/\/www.lindovino.it\/index.php\/wp-json\/wp\/v2\/types\/post"}],"author":[{"embeddable":true,"href":"https:\/\/www.lindovino.it\/index.php\/wp-json\/wp\/v2\/users\/2"}],"replies":[{"embeddable":true,"href":"https:\/\/www.lindovino.it\/index.php\/wp-json\/wp\/v2\/comments?post=10995"}],"version-history":[{"count":3,"href":"https:\/\/www.lindovino.it\/index.php\/wp-json\/wp\/v2\/posts\/10995\/revisions"}],"predecessor-version":[{"id":11017,"href":"https:\/\/www.lindovino.it\/index.php\/wp-json\/wp\/v2\/posts\/10995\/revisions\/11017"}],"wp:featuredmedia":[{"embeddable":true,"href":"https:\/\/www.lindovino.it\/index.php\/wp-json\/wp\/v2\/media\/11004"}],"wp:attachment":[{"href":"https:\/\/www.lindovino.it\/index.php\/wp-json\/wp\/v2\/media?parent=10995"}],"wp:term":[{"taxonomy":"category","embeddable":true,"href":"https:\/\/www.lindovino.it\/index.php\/wp-json\/wp\/v2\/categories?post=10995"},{"taxonomy":"post_tag","embeddable":true,"href":"https:\/\/www.lindovino.it\/index.php\/wp-json\/wp\/v2\/tags?post=10995"}],"curies":[{"name":"wp","href":"https:\/\/api.w.org\/{rel}","templated":true}]}}