{"id":10605,"date":"2026-02-20T15:07:47","date_gmt":"2026-02-20T14:07:47","guid":{"rendered":"https:\/\/www.lindovino.it\/?p=10605"},"modified":"2026-02-20T15:07:48","modified_gmt":"2026-02-20T14:07:48","slug":"slow-wine-fair-2026","status":"publish","type":"post","link":"https:\/\/www.lindovino.it\/index.php\/2026\/02\/20\/slow-wine-fair-2026\/","title":{"rendered":"Slow Wine Fair 2026"},"content":{"rendered":"\n<p><strong>dal <strong>22 Febbraio<\/strong> al 24 Febbraio 2026<\/strong><\/p>\n\n\n\n<figure class=\"wp-block-image size-large\"><img loading=\"lazy\" decoding=\"async\" width=\"1024\" height=\"683\" src=\"https:\/\/www.lindovino.it\/wp-content\/uploads\/2025\/02\/Slow-Wine-Fair-2025-1024x683.jpg\" alt=\"\" class=\"wp-image-10200\" srcset=\"https:\/\/www.lindovino.it\/wp-content\/uploads\/2025\/02\/Slow-Wine-Fair-2025-1024x683.jpg 1024w, https:\/\/www.lindovino.it\/wp-content\/uploads\/2025\/02\/Slow-Wine-Fair-2025-300x200.jpg 300w, https:\/\/www.lindovino.it\/wp-content\/uploads\/2025\/02\/Slow-Wine-Fair-2025-768x512.jpg 768w, https:\/\/www.lindovino.it\/wp-content\/uploads\/2025\/02\/Slow-Wine-Fair-2025-1536x1024.jpg 1536w, https:\/\/www.lindovino.it\/wp-content\/uploads\/2025\/02\/Slow-Wine-Fair-2025-2048x1366.jpg 2048w, https:\/\/www.lindovino.it\/wp-content\/uploads\/2025\/02\/Slow-Wine-Fair-2025-150x100.jpg 150w, https:\/\/www.lindovino.it\/wp-content\/uploads\/2025\/02\/Slow-Wine-Fair-2025-450x300.jpg 450w, https:\/\/www.lindovino.it\/wp-content\/uploads\/2025\/02\/Slow-Wine-Fair-2025-1200x800.jpg 1200w\" sizes=\"auto, (max-width: 1024px) 100vw, 1024px\" \/><\/figure>\n\n\n\n<p><\/p>\n\n\n\n<h1 class=\"wp-block-heading has-larger-font-size\">Programma<\/h1>\n\n\n\n<p><\/p>\n\n\n\n<h2 class=\"wp-block-heading\">Il programma dell\u2019edizione 2026<\/h2>\n\n\n\n<div class=\"wp-block-group\"><div class=\"wp-block-group__inner-container is-layout-constrained wp-block-group-is-layout-constrained\">\n<div class=\"wp-block-group\"><div class=\"wp-block-group__inner-container is-layout-constrained wp-block-group-is-layout-constrained\">\n<p><strong>Domenica 22 Febbraio<br><strong>BolognaFiere <strong><strong><strong>\u2013<\/strong><\/strong><\/strong> Bologna<\/strong><br><strong><strong><strong><strong><strong><strong><strong><strong><strong><strong>11:00 \u2013 19:00<\/strong><\/strong><\/strong><\/strong><\/strong><\/strong><\/strong><\/strong><\/strong><\/strong><br><strong>Aperto al pubblico<\/strong><\/strong><\/p>\n<\/div><\/div>\n<\/div><\/div>\n\n\n\n<hr class=\"wp-block-separator has-alpha-channel-opacity\"\/>\n\n\n\n<p><strong><strong>Luned\u00ec 23 Febbraio<br><strong><strong><strong><strong><strong>BolognaFiere <strong><strong><strong>\u2013<\/strong><\/strong><\/strong> Bologna<\/strong><\/strong><\/strong><\/strong><\/strong><br><strong><strong><strong><strong><strong><strong>10:00 \u2013 18:00<\/strong><\/strong><\/strong><\/strong><\/strong><\/strong><br><strong><strong><strong><strong><strong>Aperto solo per professionisti del settore<\/strong><\/strong><\/strong><\/strong><\/strong><\/strong><\/strong><\/p>\n\n\n\n<hr class=\"wp-block-separator has-alpha-channel-opacity\"\/>\n\n\n\n<p><strong>Marted\u00ec 24 Febbraio<br><strong><strong><strong><strong><strong>BolognaFiere <strong><strong><strong>\u2013<\/strong><\/strong><\/strong> Bologna<\/strong><\/strong><\/strong><\/strong><\/strong><br><strong><strong><strong><strong><strong><strong>10:00 \u2013 17:00<\/strong><\/strong><\/strong><\/strong><\/strong><\/strong><br><strong><strong><strong>Aperto solo per professionisti del settore<\/strong><\/strong><\/strong><\/strong><\/p>\n\n\n\n<figure class=\"wp-block-image size-full is-resized\"><img loading=\"lazy\" decoding=\"async\" width=\"700\" height=\"467\" src=\"https:\/\/www.lindovino.it\/wp-content\/uploads\/2025\/02\/4206a1701edc033625ac01031e65b4c2.jpg\" alt=\"\" class=\"wp-image-10204\" style=\"width:780px;height:auto\" srcset=\"https:\/\/www.lindovino.it\/wp-content\/uploads\/2025\/02\/4206a1701edc033625ac01031e65b4c2.jpg 700w, https:\/\/www.lindovino.it\/wp-content\/uploads\/2025\/02\/4206a1701edc033625ac01031e65b4c2-300x200.jpg 300w, https:\/\/www.lindovino.it\/wp-content\/uploads\/2025\/02\/4206a1701edc033625ac01031e65b4c2-150x100.jpg 150w, https:\/\/www.lindovino.it\/wp-content\/uploads\/2025\/02\/4206a1701edc033625ac01031e65b4c2-450x300.jpg 450w\" sizes=\"auto, (max-width: 700px) 100vw, 700px\" \/><\/figure>\n\n\n\n<h3 class=\"wp-block-heading\"><em><strong>Dal 22 al 24 febbraio 2026<\/strong>\u00a0torna a Bologna la\u00a0<strong>Slow Wine Fair<\/strong>, organizzata da\u00a0<strong>BolognaFiere<\/strong>\u00a0con la direzione artistica di\u00a0<strong>Slow Food<\/strong>\u00a0e il patrocinio del Ministero dell\u2019Agricoltura, della Sovranit\u00e0 alimentare e delle Foreste, del Comune di Bologna, della Camera di Commercio Industria Artigianato e Agricoltura di Bologna, e di Confcommercio Ascom Bologna.<\/em><\/h3>\n\n\n\n<p>Per l\u2019edizione 2026 di Slow Wine Fair, l\u2019attenzione si estende in modo significativo verso il Centro e Sud America, un\u2019area ricca di biodiversit\u00e0, culture vitivinicole storiche e nuove energie produttive che incarnano in modo profondo i valori del vino buono, pulito e giusto.<\/p>\n\n\n\n<p><strong>Circa 1.000 cantine espositrici<\/strong>&nbsp;dall\u2019Italia e dall\u2019estero distribuiti in isole espositive in base al Paese e alla regione italiana di appartenza, occupano i&nbsp;<strong>Padiglioni 15&nbsp;<\/strong>e<strong>&nbsp;20<\/strong>. I vignaioli e i vignerons presenti alla Slow Wine Fair sono accomunati dal fatto di aver sottoscritto e di mettere in pratica il decalogo del Manifesto per il vino buono, pulito e giusto. Di impegnarsi a preservare l\u2019ambiente e le sue risorse, a rispettare il paesaggio e il territorio di provenienza del vino, a valorizzare la comunit\u00e0 agricola di cui \u00e8 espressione e a sostenere la biodiversit\u00e0.<\/p>\n\n\n\n<figure class=\"wp-block-image size-large\"><img loading=\"lazy\" decoding=\"async\" width=\"1024\" height=\"683\" src=\"https:\/\/www.lindovino.it\/wp-content\/uploads\/2025\/02\/09_Gallery-1024x683.jpg\" alt=\"\" class=\"wp-image-10206\" srcset=\"https:\/\/www.lindovino.it\/wp-content\/uploads\/2025\/02\/09_Gallery-1024x683.jpg 1024w, https:\/\/www.lindovino.it\/wp-content\/uploads\/2025\/02\/09_Gallery-300x200.jpg 300w, https:\/\/www.lindovino.it\/wp-content\/uploads\/2025\/02\/09_Gallery-768x512.jpg 768w, https:\/\/www.lindovino.it\/wp-content\/uploads\/2025\/02\/09_Gallery-1536x1024.jpg 1536w, https:\/\/www.lindovino.it\/wp-content\/uploads\/2025\/02\/09_Gallery-2048x1366.jpg 2048w, https:\/\/www.lindovino.it\/wp-content\/uploads\/2025\/02\/09_Gallery-150x100.jpg 150w, https:\/\/www.lindovino.it\/wp-content\/uploads\/2025\/02\/09_Gallery-450x300.jpg 450w, https:\/\/www.lindovino.it\/wp-content\/uploads\/2025\/02\/09_Gallery-1200x800.jpg 1200w\" sizes=\"auto, (max-width: 1024px) 100vw, 1024px\" \/><\/figure>\n\n\n\n<p>Il tema centrale \u00e8 la giustizia sociale nel mondo del vino, con una particolare attenzione alla dimensione lavorativa: rapporti di lavoro equi tra vitivinicoltori e dipendenti, un\u2019occupazione che garantisca a tutti i lavoratori dignit\u00e0, diritti e sicurezza, oltre a un compenso proporzionato alla quantit\u00e0 e qualit\u00e0 del lavoro svolto.<\/p>\n\n\n\n<p>Un tema cruciale in un settore, quello agricolo, dove la piaga dello sfruttamento \u00e8 ancora diffusa. Accanto a questo argomento, si discute anche della difficolt\u00e0 dei giovani di accedere ai vigneti a causa dell\u2019aumento del costo dei terreni, del percorso che deve essere ancora fatto per raggiungere le pari opportunit\u00e0 anche in questo settore e dell\u2019importanza della viticoltura nella strategia sul futuro delle Terre Alte, centrale nella visione di Slow Food.\u00a0<\/p>\n\n\n\n<p>\u00c8 necessario promuovere una maggiore partecipazione di queste categorie e favorire modelli pi\u00f9 equi e sostenibili. Molte sono le cantine governate da donne. Nonostante gli stereotipi di genere continuino a esistere, grandi passi sono stati fatti nel mondo del vino.<\/p>\n\n\n\n<p>Si assiste a una crescente trasformazione, con una maggiore presenza femminile nel settore: produttrici, sommelier, influencer e ambasciatrici del vino, che con il loro lavoro contribuiscono a superare pregiudizi storici e sociali.<\/p>\n\n\n\n<figure class=\"wp-block-gallery has-nested-images columns-default is-cropped wp-block-gallery-1 is-layout-flex wp-block-gallery-is-layout-flex\">\n<figure class=\"wp-block-image size-full\"><img loading=\"lazy\" decoding=\"async\" width=\"1200\" height=\"800\" data-id=\"10205\" src=\"https:\/\/www.lindovino.it\/wp-content\/uploads\/2025\/02\/Vino-buono-e-cibo-bio-la-coppia-vincente-di-Slow-Wine-Fair-e-Sana-Food.jpg\" alt=\"\" class=\"wp-image-10205\" srcset=\"https:\/\/www.lindovino.it\/wp-content\/uploads\/2025\/02\/Vino-buono-e-cibo-bio-la-coppia-vincente-di-Slow-Wine-Fair-e-Sana-Food.jpg 1200w, https:\/\/www.lindovino.it\/wp-content\/uploads\/2025\/02\/Vino-buono-e-cibo-bio-la-coppia-vincente-di-Slow-Wine-Fair-e-Sana-Food-300x200.jpg 300w, https:\/\/www.lindovino.it\/wp-content\/uploads\/2025\/02\/Vino-buono-e-cibo-bio-la-coppia-vincente-di-Slow-Wine-Fair-e-Sana-Food-1024x683.jpg 1024w, https:\/\/www.lindovino.it\/wp-content\/uploads\/2025\/02\/Vino-buono-e-cibo-bio-la-coppia-vincente-di-Slow-Wine-Fair-e-Sana-Food-768x512.jpg 768w, https:\/\/www.lindovino.it\/wp-content\/uploads\/2025\/02\/Vino-buono-e-cibo-bio-la-coppia-vincente-di-Slow-Wine-Fair-e-Sana-Food-150x100.jpg 150w, https:\/\/www.lindovino.it\/wp-content\/uploads\/2025\/02\/Vino-buono-e-cibo-bio-la-coppia-vincente-di-Slow-Wine-Fair-e-Sana-Food-450x300.jpg 450w\" sizes=\"auto, (max-width: 1200px) 100vw, 1200px\" \/><\/figure>\n<\/figure>\n\n\n\n<p>Il&nbsp;<strong>23 febbraio<\/strong>&nbsp;Slow Wine Fair d\u00e0 appuntamento con il suo mercato e i suoi eventi&nbsp;<strong>a tutti gli appassionati<\/strong>&nbsp;e ai&nbsp;<strong>professionisti del vino<\/strong>, che possono fruire del banco d\u2019assaggio e degustare le migliaia di etichette esposte e dialogare con i produttori. I winelover possono inoltre seguire i convegni e incontri, e partecipare alle Masterclass in programma, guidati da produttori ed esperti, si possono approfondire le peculiarit\u00e0 dei vini proposti.<\/p>\n\n\n\n<p>Le giornate del&nbsp;<strong>24 e del 25 febbraio<\/strong>, invece, sono&nbsp;<strong>interamente dedicate ai professionisti del settore<\/strong>&nbsp;(buyer, ristoratori, enotecari, importatori, distributori, cuochi, sommelier) che possono trovare nei padiglioni di BolognaFiere le migliori cantine italiane e internazionali valutate, da Slow Food e da una commissione di esperti, accomunate dall\u2019impiego di metodi produttivi virtuosi in vigna e in cantina.<\/p>\n\n\n\n<p><em><strong>Domenica 23 Febbraio 2025:<\/strong><\/em><\/p>\n\n\n\n<p>Alle ore 10:45 si svolger\u00e0 la <strong>\u201cInaugurazione di SANA Food e Slow Wine Fair\u201d <\/strong>che si terr\u00e0 a BolognaFiere \u2013 Ammezzato Padiglione 18 \u2013 Sala Opera. Partecipazione su invito.<\/p>\n\n\n\n<p><em>Intervengono:<\/em> <strong>Gianpiero Calzolari<\/strong>, Presidente BolognaFiere &#8211; <strong>Daniele Ara<\/strong>, Assessore Scuola, educazione ambientale, agricoltura e agroalimentare Comune&nbsp;di Bologna &#8211; <strong>Alessio Mammi<\/strong>, Assessore Agricoltura e agroalimentare Regione Emilia-Romagna &#8211; <strong>Brunella Saccone<\/strong>, Dirigente Ufficio Agroalimentare ICE \u2013 Agenzia per la promozione all\u2019estero&nbsp;e l\u2019internazionalizzazione delle imprese italiane &#8211; <strong>Giancarlo Tonelli<\/strong>, Direttore Generale Confcommercio Ascom Bologna &#8211; <strong>Giancarlo Gariglio<\/strong>, Coordinatore Slow Wine Coalition &#8211; <strong>Maria Grazia Mammuccini<\/strong>, Presidente FederBio &#8211; <strong>Barbara Nappini<\/strong>, Presidente Slow Food Italia.<\/p>\n\n\n\n<p><em>Modera:<\/em>&nbsp;<strong>Carla Coccolo<\/strong>, Slow Food.<\/p>\n\n\n\n<figure class=\"wp-block-image size-full\"><img loading=\"lazy\" decoding=\"async\" width=\"1024\" height=\"683\" src=\"https:\/\/www.lindovino.it\/wp-content\/uploads\/2025\/02\/SlowWine25_20250223_MichelePurin_Web_118-1024x683-1.jpg\" alt=\"\" class=\"wp-image-10208\" srcset=\"https:\/\/www.lindovino.it\/wp-content\/uploads\/2025\/02\/SlowWine25_20250223_MichelePurin_Web_118-1024x683-1.jpg 1024w, https:\/\/www.lindovino.it\/wp-content\/uploads\/2025\/02\/SlowWine25_20250223_MichelePurin_Web_118-1024x683-1-300x200.jpg 300w, https:\/\/www.lindovino.it\/wp-content\/uploads\/2025\/02\/SlowWine25_20250223_MichelePurin_Web_118-1024x683-1-768x512.jpg 768w, https:\/\/www.lindovino.it\/wp-content\/uploads\/2025\/02\/SlowWine25_20250223_MichelePurin_Web_118-1024x683-1-150x100.jpg 150w, https:\/\/www.lindovino.it\/wp-content\/uploads\/2025\/02\/SlowWine25_20250223_MichelePurin_Web_118-1024x683-1-450x300.jpg 450w\" sizes=\"auto, (max-width: 1024px) 100vw, 1024px\" \/><\/figure>\n\n\n\n<p><em><strong>Luned\u00ec 24 Febbraio 2025:<\/strong><\/em><\/p>\n\n\n\n<p>Alle ore 10:45 si svolger\u00e0 il <strong>\u201cPremio Carta Vini Terroir e Spirito Slow\u201d <\/strong>che si terr\u00e0 a BolognaFiere \u2013 Padiglione 15A \u2013&nbsp;Sala Reale Mutua. L&#8217;ingresso \u00e8 gratuito.<\/p>\n\n\n\n<p>A <strong>BolognaFiere<\/strong> conosciamo finalmente i locali premiati per la nuova edizione del premio, nelle categorie territoriali e tematiche individuate quest\u2019anno.<\/p>\n\n\n\n<hr class=\"wp-block-separator has-alpha-channel-opacity\"\/>\n\n\n\n<p><em><strong>Marted\u00ec 25 Febbraio 2025:<\/strong><\/em><\/p>\n\n\n\n<p>Alle ore 11:30 si svolger\u00e0 il <strong>\u201cChe packaging hai? Storie di comunit\u00e0 che cambiano\u201d <\/strong>che si terr\u00e0 a BolognaFiere \u2013 Padiglione 20 \u2013 Demeter Arena. L&#8217;ingresso \u00e8 gratuito.<\/p>\n\n\n\n<p>Questo incontro \u00e8 dedicato alla condivisione delle esperienze e dei percorsi adottati per cercare di adottare soluzioni per moderare l&#8217;impatto ambientale e sul tema del packaging.<\/p>\n\n\n\n<p><em>Il panel dei relatori sar\u00e0 pubblicato nei prossimi giorni.<\/em><\/p>\n\n\n\n<p>Alle ore 13:30 si svolger\u00e0 il <strong>\u201cAlternative packaging\u201d <\/strong>che si terr\u00e0 a BolognaFiere \u2013 Padiglione 20 \u2013 Demeter Arena. L&#8217;ingresso \u00e8 gratuito.<\/p>\n\n\n\n<p><em>Intervengono:<\/em> <strong>Le Stradic Joran<\/strong>, JORAN Cidroth\u00e8que &#8211; <strong>Alessandra Costa<\/strong>, Sfuso buono &#8211; <strong>Elena Tassone<\/strong>, San Bernardo &#8211; <strong>Ceri Parke<\/strong>, Cantina Goccia.<\/p>\n\n\n\n<p><em>Modera:&nbsp;<\/em><strong>Cristina Crava<\/strong>, Porto Protocol.<\/p>\n\n\n\n<figure class=\"wp-block-image size-full is-resized\"><img loading=\"lazy\" decoding=\"async\" width=\"600\" height=\"400\" src=\"https:\/\/www.lindovino.it\/wp-content\/uploads\/2025\/02\/SlowWine25.jpg\" alt=\"\" class=\"wp-image-10207\" style=\"width:780px;height:auto\" srcset=\"https:\/\/www.lindovino.it\/wp-content\/uploads\/2025\/02\/SlowWine25.jpg 600w, https:\/\/www.lindovino.it\/wp-content\/uploads\/2025\/02\/SlowWine25-300x200.jpg 300w, https:\/\/www.lindovino.it\/wp-content\/uploads\/2025\/02\/SlowWine25-150x100.jpg 150w, https:\/\/www.lindovino.it\/wp-content\/uploads\/2025\/02\/SlowWine25-450x300.jpg 450w\" sizes=\"auto, (max-width: 600px) 100vw, 600px\" \/><\/figure>\n\n\n\n<p class=\"has-large-font-size\"><strong>Ingresso<\/strong>:<\/p>\n\n\n\n<p>Se sei un\u00a0<strong>winelover<\/strong>, acquista il tuo ingresso valido per domenica\u00a0<strong>22 febbraio<\/strong>\u00a0a\u00a0<strong>39\u20ac<\/strong>.<\/p>\n\n\n\n<p>Se sei un\u00a0<strong>professionista del vino<\/strong>\u00a0acquista il tuo ingresso valido per un giorno a scelta tra il\u00a0<strong>22, 23 e 24 febbraio<\/strong>\u00a0a\u00a0<strong>20\u20ac<\/strong>. Puoi anche scegliere uno dei\u00a0<strong>pacchetti abbonamento<\/strong>:\u00a0<strong>due giorni a scelta a 30\u20ac<\/strong>,\u00a0<strong>tre giorni<\/strong>\u00a0<strong>a 40\u20ac.<\/strong><\/p>\n\n\n\n<p>Per acquistare i biglietti: <a href=\"https:\/\/slowinefair.slowfood.it\/biglietti-e-orari\/\">Acquista il tuo biglietto<\/a><\/p>\n\n\n\n<p class=\"has-large-font-size\"><strong>Contatti ed Informazioni:<\/strong><\/p>\n\n\n\n<p>Sito dell&#8217;evento: <a href=\"https:\/\/slowinefair.slowfood.it\/\">Slow Wine Fair<\/a> <br>Informazioni, comunicazione:<strong> <\/strong><a href=\"mailto:info.eventi@slowfood.it\">info.eventi@slowfood.it<\/a><\/p>\n","protected":false},"excerpt":{"rendered":"<p>dal 22 Febbraio al 24 Febbraio 2026 Programma Il programma dell\u2019edizione 2026 Domenica 22 FebbraioBolognaFiere \u2013 Bologna11:00 \u2013 19:00Aperto al pubblico Luned\u00ec 23 FebbraioBolognaFiere \u2013 Bologna10:00 \u2013 18:00Aperto solo per professionisti del settore Marted\u00ec 24 FebbraioBolognaFiere \u2013 Bologna10:00 \u2013 17:00Aperto solo per professionisti del settore Dal 22 al 24 febbraio 2026\u00a0torna a Bologna la\u00a0Slow Wine<\/p>\n","protected":false},"author":2,"featured_media":10628,"comment_status":"open","ping_status":"open","sticky":false,"template":"","format":"standard","meta":{"footnotes":""},"categories":[35],"tags":[],"class_list":{"0":"post-10605","1":"post","2":"type-post","3":"status-publish","4":"format-standard","5":"has-post-thumbnail","7":"category-anteprime"},"yoast_head":"<!-- This site is optimized with the Yoast SEO plugin v21.2 - https:\/\/yoast.com\/wordpress\/plugins\/seo\/ -->\n<title>Slow Wine Fair 2026 - L&#039;indovino<\/title>\n<meta name=\"robots\" content=\"index, follow, max-snippet:-1, max-image-preview:large, max-video-preview:-1\" \/>\n<link rel=\"canonical\" href=\"https:\/\/www.lindovino.it\/index.php\/2026\/02\/20\/slow-wine-fair-2026\/\" \/>\n<meta property=\"og:locale\" content=\"it_IT\" \/>\n<meta property=\"og:type\" content=\"article\" \/>\n<meta property=\"og:title\" content=\"Slow Wine Fair 2026 - L&#039;indovino\" \/>\n<meta property=\"og:description\" content=\"dal 22 Febbraio al 24 Febbraio 2026 Programma Il programma dell\u2019edizione 2026 Domenica 22 FebbraioBolognaFiere \u2013 Bologna11:00 \u2013 19:00Aperto al pubblico Luned\u00ec 23 FebbraioBolognaFiere \u2013 Bologna10:00 \u2013 18:00Aperto solo per professionisti del settore Marted\u00ec 24 FebbraioBolognaFiere \u2013 Bologna10:00 \u2013 17:00Aperto solo per professionisti del settore Dal 22 al 24 febbraio 2026\u00a0torna a Bologna la\u00a0Slow Wine\" \/>\n<meta property=\"og:url\" content=\"https:\/\/www.lindovino.it\/index.php\/2026\/02\/20\/slow-wine-fair-2026\/\" \/>\n<meta property=\"og:site_name\" content=\"L&#039;indovino\" \/>\n<meta property=\"article:published_time\" content=\"2026-02-20T14:07:47+00:00\" \/>\n<meta property=\"article:modified_time\" content=\"2026-02-20T14:07:48+00:00\" \/>\n<meta property=\"og:image\" content=\"https:\/\/www.lindovino.it\/wp-content\/uploads\/2026\/02\/SEO_SWF_262-scaled-1.jpg\" \/>\n\t<meta property=\"og:image:width\" content=\"2560\" \/>\n\t<meta property=\"og:image:height\" content=\"1410\" \/>\n\t<meta property=\"og:image:type\" content=\"image\/jpeg\" \/>\n<meta name=\"author\" content=\"Marzio Dal Toso\" \/>\n<meta name=\"twitter:card\" content=\"summary_large_image\" \/>\n<meta name=\"twitter:label1\" content=\"Scritto da\" \/>\n\t<meta name=\"twitter:data1\" content=\"Marzio Dal Toso\" \/>\n\t<meta name=\"twitter:label2\" content=\"Tempo di lettura stimato\" \/>\n\t<meta name=\"twitter:data2\" content=\"6 minuti\" \/>\n<script type=\"application\/ld+json\" class=\"yoast-schema-graph\">{\"@context\":\"https:\/\/schema.org\",\"@graph\":[{\"@type\":\"WebPage\",\"@id\":\"https:\/\/www.lindovino.it\/index.php\/2026\/02\/20\/slow-wine-fair-2026\/\",\"url\":\"https:\/\/www.lindovino.it\/index.php\/2026\/02\/20\/slow-wine-fair-2026\/\",\"name\":\"Slow Wine Fair 2026 - L&#039;indovino\",\"isPartOf\":{\"@id\":\"https:\/\/www.lindovino.it\/#website\"},\"datePublished\":\"2026-02-20T14:07:47+00:00\",\"dateModified\":\"2026-02-20T14:07:48+00:00\",\"author\":{\"@id\":\"https:\/\/www.lindovino.it\/#\/schema\/person\/2d549136e06f2a35952e1b37997eac66\"},\"breadcrumb\":{\"@id\":\"https:\/\/www.lindovino.it\/index.php\/2026\/02\/20\/slow-wine-fair-2026\/#breadcrumb\"},\"inLanguage\":\"it-IT\",\"potentialAction\":[{\"@type\":\"ReadAction\",\"target\":[\"https:\/\/www.lindovino.it\/index.php\/2026\/02\/20\/slow-wine-fair-2026\/\"]}]},{\"@type\":\"BreadcrumbList\",\"@id\":\"https:\/\/www.lindovino.it\/index.php\/2026\/02\/20\/slow-wine-fair-2026\/#breadcrumb\",\"itemListElement\":[{\"@type\":\"ListItem\",\"position\":1,\"name\":\"Home\",\"item\":\"https:\/\/www.lindovino.it\/\"},{\"@type\":\"ListItem\",\"position\":2,\"name\":\"Slow Wine Fair 2026\"}]},{\"@type\":\"WebSite\",\"@id\":\"https:\/\/www.lindovino.it\/#website\",\"url\":\"https:\/\/www.lindovino.it\/\",\"name\":\"L&#039;indovino\",\"description\":\"L&#039;Indovino vive il Vino\",\"potentialAction\":[{\"@type\":\"SearchAction\",\"target\":{\"@type\":\"EntryPoint\",\"urlTemplate\":\"https:\/\/www.lindovino.it\/?s={search_term_string}\"},\"query-input\":\"required name=search_term_string\"}],\"inLanguage\":\"it-IT\"},{\"@type\":\"Person\",\"@id\":\"https:\/\/www.lindovino.it\/#\/schema\/person\/2d549136e06f2a35952e1b37997eac66\",\"name\":\"Marzio Dal Toso\",\"image\":{\"@type\":\"ImageObject\",\"inLanguage\":\"it-IT\",\"@id\":\"https:\/\/www.lindovino.it\/#\/schema\/person\/image\/\",\"url\":\"https:\/\/secure.gravatar.com\/avatar\/e16f73b26374df5bb512df26ab7b9a781f40f8d1013981737075352a8bf52ce5?s=96&d=mm&r=g\",\"contentUrl\":\"https:\/\/secure.gravatar.com\/avatar\/e16f73b26374df5bb512df26ab7b9a781f40f8d1013981737075352a8bf52ce5?s=96&d=mm&r=g\",\"caption\":\"Marzio Dal Toso\"},\"url\":\"https:\/\/www.lindovino.it\/index.php\/author\/marziodaltoso\/\"}]}<\/script>\n<!-- \/ Yoast SEO plugin. -->","yoast_head_json":{"title":"Slow Wine Fair 2026 - L&#039;indovino","robots":{"index":"index","follow":"follow","max-snippet":"max-snippet:-1","max-image-preview":"max-image-preview:large","max-video-preview":"max-video-preview:-1"},"canonical":"https:\/\/www.lindovino.it\/index.php\/2026\/02\/20\/slow-wine-fair-2026\/","og_locale":"it_IT","og_type":"article","og_title":"Slow Wine Fair 2026 - L&#039;indovino","og_description":"dal 22 Febbraio al 24 Febbraio 2026 Programma Il programma dell\u2019edizione 2026 Domenica 22 FebbraioBolognaFiere \u2013 Bologna11:00 \u2013 19:00Aperto al pubblico Luned\u00ec 23 FebbraioBolognaFiere \u2013 Bologna10:00 \u2013 18:00Aperto solo per professionisti del settore Marted\u00ec 24 FebbraioBolognaFiere \u2013 Bologna10:00 \u2013 17:00Aperto solo per professionisti del settore Dal 22 al 24 febbraio 2026\u00a0torna a Bologna la\u00a0Slow Wine","og_url":"https:\/\/www.lindovino.it\/index.php\/2026\/02\/20\/slow-wine-fair-2026\/","og_site_name":"L&#039;indovino","article_published_time":"2026-02-20T14:07:47+00:00","article_modified_time":"2026-02-20T14:07:48+00:00","og_image":[{"width":2560,"height":1410,"url":"https:\/\/www.lindovino.it\/wp-content\/uploads\/2026\/02\/SEO_SWF_262-scaled-1.jpg","type":"image\/jpeg"}],"author":"Marzio Dal Toso","twitter_card":"summary_large_image","twitter_misc":{"Scritto da":"Marzio Dal Toso","Tempo di lettura stimato":"6 minuti"},"schema":{"@context":"https:\/\/schema.org","@graph":[{"@type":"WebPage","@id":"https:\/\/www.lindovino.it\/index.php\/2026\/02\/20\/slow-wine-fair-2026\/","url":"https:\/\/www.lindovino.it\/index.php\/2026\/02\/20\/slow-wine-fair-2026\/","name":"Slow Wine Fair 2026 - L&#039;indovino","isPartOf":{"@id":"https:\/\/www.lindovino.it\/#website"},"datePublished":"2026-02-20T14:07:47+00:00","dateModified":"2026-02-20T14:07:48+00:00","author":{"@id":"https:\/\/www.lindovino.it\/#\/schema\/person\/2d549136e06f2a35952e1b37997eac66"},"breadcrumb":{"@id":"https:\/\/www.lindovino.it\/index.php\/2026\/02\/20\/slow-wine-fair-2026\/#breadcrumb"},"inLanguage":"it-IT","potentialAction":[{"@type":"ReadAction","target":["https:\/\/www.lindovino.it\/index.php\/2026\/02\/20\/slow-wine-fair-2026\/"]}]},{"@type":"BreadcrumbList","@id":"https:\/\/www.lindovino.it\/index.php\/2026\/02\/20\/slow-wine-fair-2026\/#breadcrumb","itemListElement":[{"@type":"ListItem","position":1,"name":"Home","item":"https:\/\/www.lindovino.it\/"},{"@type":"ListItem","position":2,"name":"Slow Wine Fair 2026"}]},{"@type":"WebSite","@id":"https:\/\/www.lindovino.it\/#website","url":"https:\/\/www.lindovino.it\/","name":"L&#039;indovino","description":"L&#039;Indovino vive il Vino","potentialAction":[{"@type":"SearchAction","target":{"@type":"EntryPoint","urlTemplate":"https:\/\/www.lindovino.it\/?s={search_term_string}"},"query-input":"required name=search_term_string"}],"inLanguage":"it-IT"},{"@type":"Person","@id":"https:\/\/www.lindovino.it\/#\/schema\/person\/2d549136e06f2a35952e1b37997eac66","name":"Marzio Dal Toso","image":{"@type":"ImageObject","inLanguage":"it-IT","@id":"https:\/\/www.lindovino.it\/#\/schema\/person\/image\/","url":"https:\/\/secure.gravatar.com\/avatar\/e16f73b26374df5bb512df26ab7b9a781f40f8d1013981737075352a8bf52ce5?s=96&d=mm&r=g","contentUrl":"https:\/\/secure.gravatar.com\/avatar\/e16f73b26374df5bb512df26ab7b9a781f40f8d1013981737075352a8bf52ce5?s=96&d=mm&r=g","caption":"Marzio Dal Toso"},"url":"https:\/\/www.lindovino.it\/index.php\/author\/marziodaltoso\/"}]}},"_links":{"self":[{"href":"https:\/\/www.lindovino.it\/index.php\/wp-json\/wp\/v2\/posts\/10605","targetHints":{"allow":["GET"]}}],"collection":[{"href":"https:\/\/www.lindovino.it\/index.php\/wp-json\/wp\/v2\/posts"}],"about":[{"href":"https:\/\/www.lindovino.it\/index.php\/wp-json\/wp\/v2\/types\/post"}],"author":[{"embeddable":true,"href":"https:\/\/www.lindovino.it\/index.php\/wp-json\/wp\/v2\/users\/2"}],"replies":[{"embeddable":true,"href":"https:\/\/www.lindovino.it\/index.php\/wp-json\/wp\/v2\/comments?post=10605"}],"version-history":[{"count":1,"href":"https:\/\/www.lindovino.it\/index.php\/wp-json\/wp\/v2\/posts\/10605\/revisions"}],"predecessor-version":[{"id":10609,"href":"https:\/\/www.lindovino.it\/index.php\/wp-json\/wp\/v2\/posts\/10605\/revisions\/10609"}],"wp:featuredmedia":[{"embeddable":true,"href":"https:\/\/www.lindovino.it\/index.php\/wp-json\/wp\/v2\/media\/10628"}],"wp:attachment":[{"href":"https:\/\/www.lindovino.it\/index.php\/wp-json\/wp\/v2\/media?parent=10605"}],"wp:term":[{"taxonomy":"category","embeddable":true,"href":"https:\/\/www.lindovino.it\/index.php\/wp-json\/wp\/v2\/categories?post=10605"},{"taxonomy":"post_tag","embeddable":true,"href":"https:\/\/www.lindovino.it\/index.php\/wp-json\/wp\/v2\/tags?post=10605"}],"curies":[{"name":"wp","href":"https:\/\/api.w.org\/{rel}","templated":true}]}}