{"id":10511,"date":"2025-10-13T12:00:20","date_gmt":"2025-10-13T11:00:20","guid":{"rendered":"https:\/\/www.lindovino.it\/?p=10511"},"modified":"2025-10-28T12:28:12","modified_gmt":"2025-10-28T11:28:12","slug":"mercato-dei-vini-dei-vignaioli-indipendenti-fivi-2025","status":"publish","type":"post","link":"https:\/\/www.lindovino.it\/index.php\/2025\/10\/13\/mercato-dei-vini-dei-vignaioli-indipendenti-fivi-2025\/","title":{"rendered":"Mercato dei Vini dei Vignaioli Indipendenti FIVI 2025"},"content":{"rendered":"\n<p><strong>Dal <strong>15 novembre <\/strong>al 17 novembre 2025<\/strong><\/p>\n\n\n\n<figure class=\"wp-block-image size-full\"><img loading=\"lazy\" decoding=\"async\" width=\"1680\" height=\"1120\" src=\"https:\/\/www.lindovino.it\/wp-content\/uploads\/2025\/10\/VinitalyFIVI.jpg\" alt=\"\" class=\"wp-image-10516\" srcset=\"https:\/\/www.lindovino.it\/wp-content\/uploads\/2025\/10\/VinitalyFIVI.jpg 1680w, https:\/\/www.lindovino.it\/wp-content\/uploads\/2025\/10\/VinitalyFIVI-300x200.jpg 300w, https:\/\/www.lindovino.it\/wp-content\/uploads\/2025\/10\/VinitalyFIVI-1024x683.jpg 1024w, https:\/\/www.lindovino.it\/wp-content\/uploads\/2025\/10\/VinitalyFIVI-768x512.jpg 768w, https:\/\/www.lindovino.it\/wp-content\/uploads\/2025\/10\/VinitalyFIVI-1536x1024.jpg 1536w, https:\/\/www.lindovino.it\/wp-content\/uploads\/2025\/10\/VinitalyFIVI-150x100.jpg 150w, https:\/\/www.lindovino.it\/wp-content\/uploads\/2025\/10\/VinitalyFIVI-450x300.jpg 450w, https:\/\/www.lindovino.it\/wp-content\/uploads\/2025\/10\/VinitalyFIVI-1200x800.jpg 1200w\" sizes=\"auto, (max-width: 1680px) 100vw, 1680px\" \/><\/figure>\n\n\n\n<h1 class=\"wp-block-heading has-larger-font-size\">Programma<\/h1>\n\n\n\n<p><\/p>\n\n\n\n<h2 class=\"wp-block-heading\">Il programma dell\u2019edizione 2025<\/h2>\n\n\n\n<div class=\"wp-block-group\" style=\"margin-top:0;margin-bottom:0;padding-right:0;padding-left:0\"><div class=\"wp-block-group__inner-container is-layout-constrained wp-container-core-group-is-layout-f68bd380 wp-block-group-is-layout-constrained\">\n<div class=\"wp-block-group\"><div class=\"wp-block-group__inner-container is-layout-constrained wp-block-group-is-layout-constrained\">\n<div class=\"wp-block-group\"><div class=\"wp-block-group__inner-container is-layout-constrained wp-block-group-is-layout-constrained\">\n<ul class=\"wp-block-list\">\n<li class=\"has-black-color has-text-color has-link-color wp-elements-d0bf82a0a4812fd99d6f37d6fe845818\"><strong><strong><strong><strong><strong><strong>Dal <strong>15 <\/strong>al 17 novembre 2025<\/strong><\/strong><\/strong><\/strong><\/strong><\/strong><\/li>\n\n\n\n<li class=\"has-black-color has-text-color has-link-color wp-elements-e6317a4046c411feb2b6433d656dbb81\"><strong><strong>BolognaFiere<\/strong> (Bologna)<\/strong><\/li>\n\n\n\n<li class=\"has-black-color has-text-color has-link-color wp-elements-c5cabd31dc68d99b5d98a8c42d330e0e\"><strong>Sabato e domenica <strong>dalle 11:00 <strong><strong><strong><strong><strong><strong><strong><strong><strong><strong>alle <\/strong><\/strong><\/strong><\/strong><\/strong><\/strong><\/strong><\/strong><\/strong><\/strong>19:00<\/strong><\/strong><\/li>\n\n\n\n<li class=\"has-black-color has-text-color has-link-color wp-elements-569463298a8950f2279f6f80a71d4cc9\"><strong>Luned\u00ec dalle 11:00 alle 17:00<\/strong><\/li>\n\n\n\n<li class=\"has-black-color has-text-color has-link-color wp-elements-77d8f49d2f82fe5d1704a52575b6f2e9\"><strong>Evento aperto al pubblico<\/strong><\/li>\n<\/ul>\n<\/div><\/div>\n<\/div><\/div>\n<\/div><\/div>\n\n\n\n<hr class=\"wp-block-separator has-alpha-channel-opacity\"\/>\n\n\n\n<figure class=\"wp-block-image size-full\"><img loading=\"lazy\" decoding=\"async\" width=\"1140\" height=\"855\" src=\"https:\/\/www.lindovino.it\/wp-content\/uploads\/2025\/10\/mercato-dei-vini-fivi-2025-annunciate-le-date-e-le-novita-1140x855-1.jpg\" alt=\"\" class=\"wp-image-10515\" srcset=\"https:\/\/www.lindovino.it\/wp-content\/uploads\/2025\/10\/mercato-dei-vini-fivi-2025-annunciate-le-date-e-le-novita-1140x855-1.jpg 1140w, https:\/\/www.lindovino.it\/wp-content\/uploads\/2025\/10\/mercato-dei-vini-fivi-2025-annunciate-le-date-e-le-novita-1140x855-1-300x225.jpg 300w, https:\/\/www.lindovino.it\/wp-content\/uploads\/2025\/10\/mercato-dei-vini-fivi-2025-annunciate-le-date-e-le-novita-1140x855-1-1024x768.jpg 1024w, https:\/\/www.lindovino.it\/wp-content\/uploads\/2025\/10\/mercato-dei-vini-fivi-2025-annunciate-le-date-e-le-novita-1140x855-1-768x576.jpg 768w, https:\/\/www.lindovino.it\/wp-content\/uploads\/2025\/10\/mercato-dei-vini-fivi-2025-annunciate-le-date-e-le-novita-1140x855-1-150x113.jpg 150w, https:\/\/www.lindovino.it\/wp-content\/uploads\/2025\/10\/mercato-dei-vini-fivi-2025-annunciate-le-date-e-le-novita-1140x855-1-450x338.jpg 450w\" sizes=\"auto, (max-width: 1140px) 100vw, 1140px\" \/><\/figure>\n\n\n\n<h3 class=\"wp-block-heading\"><em>Il Mercato dei Vini dei Vignaioli Indipendenti, l\u2019evento di FIVI giunto alla 14\u00aa edizione e dedicato ad appassionati e operatori del settore, si svolger\u00e0 dal 15 al 17 novembre 2025 a BolognaFiere. <strong>Tre giorni all&#8217;insegna del vino artigianale, di qualit\u00e0 e di territorio: tre giorni da non perdere, in compagnia di 1.000 Vignaioli indipendenti, da ogni regione italiana!<\/strong><\/em><\/h3>\n\n\n\n<p>Anche quest\u2019anno, numeri importanti: ad accogliere il pubblico saranno circa <strong>1.000 vignaioli<\/strong>, provenienti da ogni regione italiana, insieme a <strong>3 delegazioni di vignaioli europei<\/strong> in rappresentanza delle associazioni nazionali <strong>appartenenti a CEVI<\/strong> &#8211; Conf\u00e9d\u00e9ration Europ\u00e9enne des Vignerons Ind\u00e9pendants, e a <strong>32 soci di FIOI<\/strong> &#8211; Federazione Italiana Olivicoltori Indipendenti.<\/p>\n\n\n\n<p>Il programma del <strong>Mercato dei Vini 2025<\/strong> sar\u00e0 arricchito da <strong>4 Masterclass targate FIVI<\/strong>. Il filo conduttore di quest\u2019anno \u00e8 \u201c<strong>Vino, vigne, Vignaioli: una storia di famiglia<\/strong>\u201c. Il costo di ogni singola Masterclass \u00e8 di 25 euro (biglietto non rimborsabile).<\/p>\n\n\n\n<figure class=\"wp-block-image size-full is-resized\"><img loading=\"lazy\" decoding=\"async\" width=\"2000\" height=\"1334\" src=\"https:\/\/www.lindovino.it\/wp-content\/uploads\/2025\/10\/degustazione_2.jpg\" alt=\"\" class=\"wp-image-10513\" style=\"width:780px;height:auto\" srcset=\"https:\/\/www.lindovino.it\/wp-content\/uploads\/2025\/10\/degustazione_2.jpg 2000w, https:\/\/www.lindovino.it\/wp-content\/uploads\/2025\/10\/degustazione_2-300x200.jpg 300w, https:\/\/www.lindovino.it\/wp-content\/uploads\/2025\/10\/degustazione_2-1024x683.jpg 1024w, https:\/\/www.lindovino.it\/wp-content\/uploads\/2025\/10\/degustazione_2-768x512.jpg 768w, https:\/\/www.lindovino.it\/wp-content\/uploads\/2025\/10\/degustazione_2-1536x1025.jpg 1536w, https:\/\/www.lindovino.it\/wp-content\/uploads\/2025\/10\/degustazione_2-150x100.jpg 150w, https:\/\/www.lindovino.it\/wp-content\/uploads\/2025\/10\/degustazione_2-450x300.jpg 450w, https:\/\/www.lindovino.it\/wp-content\/uploads\/2025\/10\/degustazione_2-1200x800.jpg 1200w\" sizes=\"auto, (max-width: 2000px) 100vw, 2000px\" \/><\/figure>\n\n\n\n<p class=\"has-large-font-size\"><strong>Programma 2025<\/strong><\/p>\n\n\n\n<p><strong><em>Sabato 15 novembre<\/em><\/strong><\/p>\n\n\n\n<ul class=\"wp-block-list\">\n<li class=\"has-black-color has-text-color has-link-color wp-elements-bb9f2fed5acdffc68290b3046f407334\"><strong>&#8220;Il Moscato di Canelli: ritorno al futuro&#8221;<\/strong>. La FIVI omaggia questo vino \u2013 naturalmente a bassa gradazione alcolica \u2013 offrendo al pubblico la possibilit\u00e0 di scoprirne la meno nota, ma stupefacente, eleganza evolutiva. <\/li>\n\n\n\n<li class=\"has-black-color has-text-color has-link-color wp-elements-41b45187cff22ee7565f451b7dba6197\">In dialogo con <strong>Mario Pojer<\/strong> (Vignaiolo in Trentino), tre produttori del territorio: <strong>Gianmario Cerutti, Margherita Forno e Ignazio Giovine<\/strong> (Vignaioli in Piemonte). <strong><em>(<\/em><\/strong><em><strong>dalle 11:30 alle 13:0<\/strong><\/em><strong><em>0)<\/em><\/strong>.<\/li>\n\n\n\n<li class=\"has-black-color has-text-color has-link-color wp-elements-0413ad486aec07edd95f27d73a169ab4\"><strong>&#8220;Cataldo Calabretta: il Cir\u00f2 nel cuore, da quattro generazioni&#8221;<\/strong>. In questa masterclass esploriamo la doppia anima del Cir\u00f2 firmato <strong>Calabretta: il Rosato e il Rosso Classico Superiore<\/strong>, entrambi sotto la storica etichetta L\u2019Arciglione. Un viaggio nel tempo e nell\u2019evoluzione del Gaglioppo, tra freschezza, struttura e profondit\u00e0.<\/li>\n\n\n\n<li class=\"has-black-color has-text-color has-link-color wp-elements-0102c0f83e03c4f024fdd98b387636e7\"><strong>Cataldo Calabretta<\/strong> dialoga con <strong>Andrea Miotto<\/strong> (vignaiolo in Veneto). <strong><em>(<\/em><\/strong><em><strong>dalle 14:30 alle 16:0<\/strong><\/em><strong><em>0)<\/em><\/strong>.<\/li>\n<\/ul>\n\n\n\n<figure class=\"wp-block-image size-large\"><img loading=\"lazy\" decoding=\"async\" width=\"1024\" height=\"779\" src=\"https:\/\/www.lindovino.it\/wp-content\/uploads\/2025\/10\/InvitoConvegnoFIVI17Novembre-1024x779.jpg\" alt=\"\" class=\"wp-image-10531\" srcset=\"https:\/\/www.lindovino.it\/wp-content\/uploads\/2025\/10\/InvitoConvegnoFIVI17Novembre-1024x779.jpg 1024w, https:\/\/www.lindovino.it\/wp-content\/uploads\/2025\/10\/InvitoConvegnoFIVI17Novembre-300x228.jpg 300w, https:\/\/www.lindovino.it\/wp-content\/uploads\/2025\/10\/InvitoConvegnoFIVI17Novembre-768x584.jpg 768w, https:\/\/www.lindovino.it\/wp-content\/uploads\/2025\/10\/InvitoConvegnoFIVI17Novembre-1536x1168.jpg 1536w, https:\/\/www.lindovino.it\/wp-content\/uploads\/2025\/10\/InvitoConvegnoFIVI17Novembre-150x114.jpg 150w, https:\/\/www.lindovino.it\/wp-content\/uploads\/2025\/10\/InvitoConvegnoFIVI17Novembre-450x342.jpg 450w, https:\/\/www.lindovino.it\/wp-content\/uploads\/2025\/10\/InvitoConvegnoFIVI17Novembre-1200x913.jpg 1200w, https:\/\/www.lindovino.it\/wp-content\/uploads\/2025\/10\/InvitoConvegnoFIVI17Novembre.jpg 2000w\" sizes=\"auto, (max-width: 1024px) 100vw, 1024px\" \/><\/figure>\n\n\n\n<p><strong style=\"font-style: italic;\">Domenica <\/strong><strong><em>16 novembre<\/em><\/strong><\/p>\n\n\n\n<ul class=\"wp-block-list\">\n<li class=\"has-black-color has-text-color has-link-color wp-elements-c862f257378ae94f9bff705682f65cbb\"><strong>&#8220;Un rosso dolomitico: il Teroldego secondo Giulio de Vescovi&#8221;<\/strong> Giulio De Vescovi, ultima generazione a prendere in mano le redini aziendali, del Teroldego sia uno degli interpreti pi\u00f9 attenti e lungimiranti: impegnato con diversi colleghi, esponenti di una nuova generazione di Vignaioli, a rilanciarne il blasone, dimostrando le grandi potenzialit\u00e0 di questa variet\u00e0 e di questo territorio ai piedi delle Dolomiti.<\/li>\n\n\n\n<li class=\"has-black-color has-text-color has-link-color wp-elements-44f4f1954f6b2757d7a8acfc530a3200\"><strong>Giulio de Vescovi<\/strong> dialoga con <strong>Andrea Pieropan<\/strong> (Vignaiolo in Veneto). <strong><em>(<\/em><\/strong><em><strong>dalle 14:30 alle 16:0<\/strong><\/em><strong><em>0)<\/em><\/strong>.<\/li>\n\n\n\n<li class=\"has-black-color has-text-color has-link-color wp-elements-cc9f2ba7eaaab174f9c816573120f292\"><strong>&#8220;Viticoltura su suolo vulcanico: l&#8217;identit\u00e0 del Lazio in degustazione&#8221;<\/strong> Il Lazio del vino \u00e8 una terra in fermento, che riscopre la forza delle sue radici vulcaniche e la trasforma in vini di grande identit\u00e0. Dai bianchi di <strong>Grechetto e Malvasia Puntinata fino al Cesanese e al Montepulciano<\/strong>, sei vini raccontano le diverse anime di questa regione attraverso la voce diretta dei Vignaioli che la abitano e la interpretano.<\/li>\n\n\n\n<li class=\"has-black-color has-text-color has-link-color wp-elements-3166775a4efb7dcb067e18cdf71cf242\">I produttori dialogheranno con <strong>Enza Saitta<\/strong> (Vignaiola in Sicilia), offrendo un confronto autentico tra territori e visioni enologiche. <strong><em>(<\/em><\/strong><em><strong>dalle 17:00 alle 18:<\/strong><\/em><strong><em>30)<\/em><\/strong>.<\/li>\n<\/ul>\n\n\n\n<figure class=\"wp-block-image size-full\"><img loading=\"lazy\" decoding=\"async\" width=\"1250\" height=\"833\" src=\"https:\/\/www.lindovino.it\/wp-content\/uploads\/2025\/10\/Fivi_Mercato23_Bologna_MichelePurin_231126_Web_114.jpg\" alt=\"\" class=\"wp-image-10514\" srcset=\"https:\/\/www.lindovino.it\/wp-content\/uploads\/2025\/10\/Fivi_Mercato23_Bologna_MichelePurin_231126_Web_114.jpg 1250w, https:\/\/www.lindovino.it\/wp-content\/uploads\/2025\/10\/Fivi_Mercato23_Bologna_MichelePurin_231126_Web_114-300x200.jpg 300w, https:\/\/www.lindovino.it\/wp-content\/uploads\/2025\/10\/Fivi_Mercato23_Bologna_MichelePurin_231126_Web_114-1024x682.jpg 1024w, https:\/\/www.lindovino.it\/wp-content\/uploads\/2025\/10\/Fivi_Mercato23_Bologna_MichelePurin_231126_Web_114-768x512.jpg 768w, https:\/\/www.lindovino.it\/wp-content\/uploads\/2025\/10\/Fivi_Mercato23_Bologna_MichelePurin_231126_Web_114-150x100.jpg 150w, https:\/\/www.lindovino.it\/wp-content\/uploads\/2025\/10\/Fivi_Mercato23_Bologna_MichelePurin_231126_Web_114-450x300.jpg 450w, https:\/\/www.lindovino.it\/wp-content\/uploads\/2025\/10\/Fivi_Mercato23_Bologna_MichelePurin_231126_Web_114-1200x800.jpg 1200w\" sizes=\"auto, (max-width: 1250px) 100vw, 1250px\" \/><\/figure>\n\n\n\n<p><strong>BolognaFiere <\/strong>mette a disposizione una superficie di quasi <strong>40.000 mq<\/strong>, distribuiti su <strong>4 padiglioni<\/strong>: ai vignaioli saranno riservati il 29 e il 30, mentre il 26 e il 28 saranno dedicati al food e ai servizi al pubblico. Nella galleria centrale troveranno spazio i partner e gli sponsor del <strong>Mercato dei Vini<\/strong>, e l&#8217;immancabile stand istituzionale <strong>FIVI<\/strong>, con le t-shirt e altri gadget firmati &#8220;<strong>Vignaioli Indipendenti<\/strong>&#8220;.<\/p>\n\n\n\n<p>Tra le conferme, <strong>il servizio di carrelli e trolley del Mercato<\/strong>, indispensabili per portare fino<br>al parcheggio le bottiglie comprate. E per chi far\u00e0 molti acquisti, <strong>in Fiera sar\u00e0 disponibile<br>un pratico servizio di spedizioni<\/strong>.<\/p>\n\n\n\n<h2 class=\"wp-block-heading has-black-color has-text-color has-link-color has-large-font-size wp-elements-539ffcef9e22577d7ac7033c8a772a6a\"><strong>Ingresso:<\/strong><\/h2>\n\n\n\n<ul class=\"wp-block-list\">\n<li class=\"has-black-color has-text-color has-link-color wp-elements-2eff3ba5d32805b4e47e473e5783c9c0\"><em>Intero giornaliero<\/em><br>Online: \u20ac 25,00 fino al 9 novembre; acquistato online dal 10 novembre o in Fiera: \u20ac 30,00;<\/li>\n\n\n\n<li class=\"has-black-color has-text-color has-link-color wp-elements-7e020ca48f9c8f50490f79867ac6cc1f\"><em>Ingresso 2 giorni<\/em><br>Online: \u20ac 40,00; acquistato in Fiera: \u20ac 50,00;<\/li>\n\n\n\n<li class=\"has-black-color has-text-color has-link-color wp-elements-83c218ccaa5d5b8a27ba0d994a63e645\"><em>Ingresso 3 giorni<\/em><br>Online: \u20ac 60,00; acquistato in Fiera: \u20ac 70,00;<\/li>\n\n\n\n<li class=\"has-black-color has-text-color has-link-color wp-elements-b11928cf75bc4ec7a45ea97b94eb17ce\"><em>Ridotto soci <\/em>AIS, FISAR, ONAV, AIES, ASPI, Assosommelier, Scuola Europea Sommelier,<br>Slow Food.<br>Online e in Fiera: \u20ac 20,00;<\/li>\n\n\n\n<li class=\"has-black-color has-text-color has-link-color wp-elements-f6e0743b9d1c40b6e87056f2a1293801\"><em>Operatori<\/em><br>Online e in Fiera: \u20ac 20,00. Biglietto acquistabile inserendo la partita Iva;<\/li>\n\n\n\n<li class=\"has-black-color has-text-color has-link-color wp-elements-a2c1707e0c093972ab0aed4f44449a7a\"><em>Abbonati Bologna Football Club 1909<\/em><br>In Fiera, mostrando alle casse il proprio abbonamento: \u20ac 20,00 nelle giornate di sabato 15<br>e di domenica 16 novembre; \u20ac 15,00 nella giornata di luned\u00ec 17 novembre;<\/li>\n\n\n\n<li class=\"has-black-color has-text-color has-link-color wp-elements-4e44ece29390bf3d22949db5152ba9c7\"><em>Carrelli e trolley<\/em><br>1.500, a noleggio.<\/li>\n<\/ul>\n\n\n\n<p>Acquista il tuo biglietto nel seguente link: <a href=\"https:\/\/mercatodeivini.it\/biglietti\/\">acquista il biglietto<\/a><\/p>\n\n\n\n<p class=\"has-large-font-size\"><strong>Contatti ed Informazioni:<\/strong><\/p>\n\n\n\n<p>Sito dell&#8217;evento: <a href=\"https:\/\/mercatodeivini.it\/\">Mercato dei vini<\/a><\/p>\n\n\n\n<p>Email: <a href=\"mailto:mercatodeivini@fivi.it\">mercatodeivini@bolognafiere.it<\/a><\/p>\n\n\n\n<p>Tel: +39 051 282353 &#8211; +39 051 282532 &#8211; +39 051 282372<\/p>\n","protected":false},"excerpt":{"rendered":"<p>Dal 15 novembre al 17 novembre 2025 Programma Il programma dell\u2019edizione 2025 Il Mercato dei Vini dei Vignaioli Indipendenti, l\u2019evento di FIVI giunto alla 14\u00aa edizione e dedicato ad appassionati e operatori del settore, si svolger\u00e0 dal 15 al 17 novembre 2025 a BolognaFiere. Tre giorni all&#8217;insegna del vino artigianale, di qualit\u00e0 e di territorio:<\/p>\n","protected":false},"author":2,"featured_media":10512,"comment_status":"open","ping_status":"open","sticky":false,"template":"","format":"standard","meta":{"footnotes":""},"categories":[35],"tags":[],"class_list":{"0":"post-10511","1":"post","2":"type-post","3":"status-publish","4":"format-standard","5":"has-post-thumbnail","7":"category-anteprime"},"yoast_head":"<!-- This site is optimized with the Yoast SEO plugin v21.2 - https:\/\/yoast.com\/wordpress\/plugins\/seo\/ -->\n<title>Mercato dei Vini dei Vignaioli Indipendenti FIVI 2025 - L&#039;indovino<\/title>\n<meta name=\"robots\" content=\"index, follow, max-snippet:-1, max-image-preview:large, max-video-preview:-1\" \/>\n<link rel=\"canonical\" href=\"https:\/\/www.lindovino.it\/index.php\/2025\/10\/13\/mercato-dei-vini-dei-vignaioli-indipendenti-fivi-2025\/\" \/>\n<meta property=\"og:locale\" content=\"it_IT\" \/>\n<meta property=\"og:type\" content=\"article\" \/>\n<meta property=\"og:title\" content=\"Mercato dei Vini dei Vignaioli Indipendenti FIVI 2025 - L&#039;indovino\" \/>\n<meta property=\"og:description\" content=\"Dal 15 novembre al 17 novembre 2025 Programma Il programma dell\u2019edizione 2025 Il Mercato dei Vini dei Vignaioli Indipendenti, l\u2019evento di FIVI giunto alla 14\u00aa edizione e dedicato ad appassionati e operatori del settore, si svolger\u00e0 dal 15 al 17 novembre 2025 a BolognaFiere. Tre giorni all&#8217;insegna del vino artigianale, di qualit\u00e0 e di territorio:\" \/>\n<meta property=\"og:url\" content=\"https:\/\/www.lindovino.it\/index.php\/2025\/10\/13\/mercato-dei-vini-dei-vignaioli-indipendenti-fivi-2025\/\" \/>\n<meta property=\"og:site_name\" content=\"L&#039;indovino\" \/>\n<meta property=\"article:published_time\" content=\"2025-10-13T11:00:20+00:00\" \/>\n<meta property=\"article:modified_time\" content=\"2025-10-28T11:28:12+00:00\" \/>\n<meta property=\"og:image\" content=\"https:\/\/www.lindovino.it\/wp-content\/uploads\/2025\/10\/CopertinaFB1920x1080_MercatoFivi2025.jpg\" \/>\n\t<meta property=\"og:image:width\" content=\"1920\" \/>\n\t<meta property=\"og:image:height\" content=\"1080\" \/>\n\t<meta property=\"og:image:type\" content=\"image\/jpeg\" \/>\n<meta name=\"author\" content=\"Marzio Dal Toso\" \/>\n<meta name=\"twitter:card\" content=\"summary_large_image\" \/>\n<meta name=\"twitter:label1\" content=\"Scritto da\" \/>\n\t<meta name=\"twitter:data1\" content=\"Marzio Dal Toso\" \/>\n\t<meta name=\"twitter:label2\" content=\"Tempo di lettura stimato\" \/>\n\t<meta name=\"twitter:data2\" content=\"5 minuti\" \/>\n<script type=\"application\/ld+json\" class=\"yoast-schema-graph\">{\"@context\":\"https:\/\/schema.org\",\"@graph\":[{\"@type\":\"WebPage\",\"@id\":\"https:\/\/www.lindovino.it\/index.php\/2025\/10\/13\/mercato-dei-vini-dei-vignaioli-indipendenti-fivi-2025\/\",\"url\":\"https:\/\/www.lindovino.it\/index.php\/2025\/10\/13\/mercato-dei-vini-dei-vignaioli-indipendenti-fivi-2025\/\",\"name\":\"Mercato dei Vini dei Vignaioli Indipendenti FIVI 2025 - L&#039;indovino\",\"isPartOf\":{\"@id\":\"https:\/\/www.lindovino.it\/#website\"},\"datePublished\":\"2025-10-13T11:00:20+00:00\",\"dateModified\":\"2025-10-28T11:28:12+00:00\",\"author\":{\"@id\":\"https:\/\/www.lindovino.it\/#\/schema\/person\/2d549136e06f2a35952e1b37997eac66\"},\"breadcrumb\":{\"@id\":\"https:\/\/www.lindovino.it\/index.php\/2025\/10\/13\/mercato-dei-vini-dei-vignaioli-indipendenti-fivi-2025\/#breadcrumb\"},\"inLanguage\":\"it-IT\",\"potentialAction\":[{\"@type\":\"ReadAction\",\"target\":[\"https:\/\/www.lindovino.it\/index.php\/2025\/10\/13\/mercato-dei-vini-dei-vignaioli-indipendenti-fivi-2025\/\"]}]},{\"@type\":\"BreadcrumbList\",\"@id\":\"https:\/\/www.lindovino.it\/index.php\/2025\/10\/13\/mercato-dei-vini-dei-vignaioli-indipendenti-fivi-2025\/#breadcrumb\",\"itemListElement\":[{\"@type\":\"ListItem\",\"position\":1,\"name\":\"Home\",\"item\":\"https:\/\/www.lindovino.it\/\"},{\"@type\":\"ListItem\",\"position\":2,\"name\":\"Mercato dei Vini dei Vignaioli Indipendenti FIVI 2025\"}]},{\"@type\":\"WebSite\",\"@id\":\"https:\/\/www.lindovino.it\/#website\",\"url\":\"https:\/\/www.lindovino.it\/\",\"name\":\"L&#039;indovino\",\"description\":\"L&#039;Indovino vive il Vino\",\"potentialAction\":[{\"@type\":\"SearchAction\",\"target\":{\"@type\":\"EntryPoint\",\"urlTemplate\":\"https:\/\/www.lindovino.it\/?s={search_term_string}\"},\"query-input\":\"required name=search_term_string\"}],\"inLanguage\":\"it-IT\"},{\"@type\":\"Person\",\"@id\":\"https:\/\/www.lindovino.it\/#\/schema\/person\/2d549136e06f2a35952e1b37997eac66\",\"name\":\"Marzio Dal Toso\",\"image\":{\"@type\":\"ImageObject\",\"inLanguage\":\"it-IT\",\"@id\":\"https:\/\/www.lindovino.it\/#\/schema\/person\/image\/\",\"url\":\"https:\/\/secure.gravatar.com\/avatar\/e16f73b26374df5bb512df26ab7b9a781f40f8d1013981737075352a8bf52ce5?s=96&d=mm&r=g\",\"contentUrl\":\"https:\/\/secure.gravatar.com\/avatar\/e16f73b26374df5bb512df26ab7b9a781f40f8d1013981737075352a8bf52ce5?s=96&d=mm&r=g\",\"caption\":\"Marzio Dal Toso\"},\"url\":\"https:\/\/www.lindovino.it\/index.php\/author\/marziodaltoso\/\"}]}<\/script>\n<!-- \/ Yoast SEO plugin. -->","yoast_head_json":{"title":"Mercato dei Vini dei Vignaioli Indipendenti FIVI 2025 - L&#039;indovino","robots":{"index":"index","follow":"follow","max-snippet":"max-snippet:-1","max-image-preview":"max-image-preview:large","max-video-preview":"max-video-preview:-1"},"canonical":"https:\/\/www.lindovino.it\/index.php\/2025\/10\/13\/mercato-dei-vini-dei-vignaioli-indipendenti-fivi-2025\/","og_locale":"it_IT","og_type":"article","og_title":"Mercato dei Vini dei Vignaioli Indipendenti FIVI 2025 - L&#039;indovino","og_description":"Dal 15 novembre al 17 novembre 2025 Programma Il programma dell\u2019edizione 2025 Il Mercato dei Vini dei Vignaioli Indipendenti, l\u2019evento di FIVI giunto alla 14\u00aa edizione e dedicato ad appassionati e operatori del settore, si svolger\u00e0 dal 15 al 17 novembre 2025 a BolognaFiere. Tre giorni all&#8217;insegna del vino artigianale, di qualit\u00e0 e di territorio:","og_url":"https:\/\/www.lindovino.it\/index.php\/2025\/10\/13\/mercato-dei-vini-dei-vignaioli-indipendenti-fivi-2025\/","og_site_name":"L&#039;indovino","article_published_time":"2025-10-13T11:00:20+00:00","article_modified_time":"2025-10-28T11:28:12+00:00","og_image":[{"width":1920,"height":1080,"url":"https:\/\/www.lindovino.it\/wp-content\/uploads\/2025\/10\/CopertinaFB1920x1080_MercatoFivi2025.jpg","type":"image\/jpeg"}],"author":"Marzio Dal Toso","twitter_card":"summary_large_image","twitter_misc":{"Scritto da":"Marzio Dal Toso","Tempo di lettura stimato":"5 minuti"},"schema":{"@context":"https:\/\/schema.org","@graph":[{"@type":"WebPage","@id":"https:\/\/www.lindovino.it\/index.php\/2025\/10\/13\/mercato-dei-vini-dei-vignaioli-indipendenti-fivi-2025\/","url":"https:\/\/www.lindovino.it\/index.php\/2025\/10\/13\/mercato-dei-vini-dei-vignaioli-indipendenti-fivi-2025\/","name":"Mercato dei Vini dei Vignaioli Indipendenti FIVI 2025 - L&#039;indovino","isPartOf":{"@id":"https:\/\/www.lindovino.it\/#website"},"datePublished":"2025-10-13T11:00:20+00:00","dateModified":"2025-10-28T11:28:12+00:00","author":{"@id":"https:\/\/www.lindovino.it\/#\/schema\/person\/2d549136e06f2a35952e1b37997eac66"},"breadcrumb":{"@id":"https:\/\/www.lindovino.it\/index.php\/2025\/10\/13\/mercato-dei-vini-dei-vignaioli-indipendenti-fivi-2025\/#breadcrumb"},"inLanguage":"it-IT","potentialAction":[{"@type":"ReadAction","target":["https:\/\/www.lindovino.it\/index.php\/2025\/10\/13\/mercato-dei-vini-dei-vignaioli-indipendenti-fivi-2025\/"]}]},{"@type":"BreadcrumbList","@id":"https:\/\/www.lindovino.it\/index.php\/2025\/10\/13\/mercato-dei-vini-dei-vignaioli-indipendenti-fivi-2025\/#breadcrumb","itemListElement":[{"@type":"ListItem","position":1,"name":"Home","item":"https:\/\/www.lindovino.it\/"},{"@type":"ListItem","position":2,"name":"Mercato dei Vini dei Vignaioli Indipendenti FIVI 2025"}]},{"@type":"WebSite","@id":"https:\/\/www.lindovino.it\/#website","url":"https:\/\/www.lindovino.it\/","name":"L&#039;indovino","description":"L&#039;Indovino vive il Vino","potentialAction":[{"@type":"SearchAction","target":{"@type":"EntryPoint","urlTemplate":"https:\/\/www.lindovino.it\/?s={search_term_string}"},"query-input":"required name=search_term_string"}],"inLanguage":"it-IT"},{"@type":"Person","@id":"https:\/\/www.lindovino.it\/#\/schema\/person\/2d549136e06f2a35952e1b37997eac66","name":"Marzio Dal Toso","image":{"@type":"ImageObject","inLanguage":"it-IT","@id":"https:\/\/www.lindovino.it\/#\/schema\/person\/image\/","url":"https:\/\/secure.gravatar.com\/avatar\/e16f73b26374df5bb512df26ab7b9a781f40f8d1013981737075352a8bf52ce5?s=96&d=mm&r=g","contentUrl":"https:\/\/secure.gravatar.com\/avatar\/e16f73b26374df5bb512df26ab7b9a781f40f8d1013981737075352a8bf52ce5?s=96&d=mm&r=g","caption":"Marzio Dal Toso"},"url":"https:\/\/www.lindovino.it\/index.php\/author\/marziodaltoso\/"}]}},"_links":{"self":[{"href":"https:\/\/www.lindovino.it\/index.php\/wp-json\/wp\/v2\/posts\/10511","targetHints":{"allow":["GET"]}}],"collection":[{"href":"https:\/\/www.lindovino.it\/index.php\/wp-json\/wp\/v2\/posts"}],"about":[{"href":"https:\/\/www.lindovino.it\/index.php\/wp-json\/wp\/v2\/types\/post"}],"author":[{"embeddable":true,"href":"https:\/\/www.lindovino.it\/index.php\/wp-json\/wp\/v2\/users\/2"}],"replies":[{"embeddable":true,"href":"https:\/\/www.lindovino.it\/index.php\/wp-json\/wp\/v2\/comments?post=10511"}],"version-history":[{"count":3,"href":"https:\/\/www.lindovino.it\/index.php\/wp-json\/wp\/v2\/posts\/10511\/revisions"}],"predecessor-version":[{"id":10532,"href":"https:\/\/www.lindovino.it\/index.php\/wp-json\/wp\/v2\/posts\/10511\/revisions\/10532"}],"wp:featuredmedia":[{"embeddable":true,"href":"https:\/\/www.lindovino.it\/index.php\/wp-json\/wp\/v2\/media\/10512"}],"wp:attachment":[{"href":"https:\/\/www.lindovino.it\/index.php\/wp-json\/wp\/v2\/media?parent=10511"}],"wp:term":[{"taxonomy":"category","embeddable":true,"href":"https:\/\/www.lindovino.it\/index.php\/wp-json\/wp\/v2\/categories?post=10511"},{"taxonomy":"post_tag","embeddable":true,"href":"https:\/\/www.lindovino.it\/index.php\/wp-json\/wp\/v2\/tags?post=10511"}],"curies":[{"name":"wp","href":"https:\/\/api.w.org\/{rel}","templated":true}]}}