{"id":10437,"date":"2026-04-29T16:36:32","date_gmt":"2026-04-29T15:36:32","guid":{"rendered":"https:\/\/www.lindovino.it\/?p=10437"},"modified":"2026-04-29T16:42:01","modified_gmt":"2026-04-29T15:42:01","slug":"valtenesi-in-rosa-2025","status":"publish","type":"post","link":"https:\/\/www.lindovino.it\/index.php\/2026\/04\/29\/valtenesi-in-rosa-2025\/","title":{"rendered":"Valtenesi in Rosa 2026"},"content":{"rendered":"\n<p><strong>Dal 22<strong> Maggio <\/strong>al 24 Maggio 2026<\/strong><\/p>\n\n\n\n<figure class=\"wp-block-image size-full\"><img loading=\"lazy\" decoding=\"async\" width=\"1280\" height=\"720\" src=\"https:\/\/www.lindovino.it\/wp-content\/uploads\/2025\/05\/712156909068.jpeg\" alt=\"\" class=\"wp-image-10438\" srcset=\"https:\/\/www.lindovino.it\/wp-content\/uploads\/2025\/05\/712156909068.jpeg 1280w, https:\/\/www.lindovino.it\/wp-content\/uploads\/2025\/05\/712156909068-300x169.jpeg 300w, https:\/\/www.lindovino.it\/wp-content\/uploads\/2025\/05\/712156909068-1024x576.jpeg 1024w, https:\/\/www.lindovino.it\/wp-content\/uploads\/2025\/05\/712156909068-768x432.jpeg 768w, https:\/\/www.lindovino.it\/wp-content\/uploads\/2025\/05\/712156909068-150x84.jpeg 150w, https:\/\/www.lindovino.it\/wp-content\/uploads\/2025\/05\/712156909068-450x253.jpeg 450w, https:\/\/www.lindovino.it\/wp-content\/uploads\/2025\/05\/712156909068-1200x675.jpeg 1200w\" sizes=\"auto, (max-width: 1280px) 100vw, 1280px\" \/><\/figure>\n\n\n\n<h1 class=\"wp-block-heading has-larger-font-size\">Programma<\/h1>\n\n\n\n<p><\/p>\n\n\n\n<h2 class=\"wp-block-heading\">Il programma dell\u2019edizione 2026<\/h2>\n\n\n\n<div class=\"wp-block-group\"><div class=\"wp-block-group__inner-container is-layout-constrained wp-block-group-is-layout-constrained\">\n<div class=\"wp-block-group\"><div class=\"wp-block-group__inner-container is-layout-constrained wp-block-group-is-layout-constrained\">\n<p><strong><strong><strong>Dal <strong>22 Maggio <\/strong>al 24 Maggio 202<\/strong><\/strong>6<br><strong>Castello di Moniga del Garda<\/strong><br>Dalle 18<strong><strong><strong><strong><strong><strong><strong><strong><strong><strong>:30 alle 23:00<\/strong><\/strong><\/strong><\/strong><\/strong><\/strong><\/strong><\/strong><\/strong><\/strong><br><strong>Aperto al pubblico<\/strong><\/strong><\/p>\n<\/div><\/div>\n<\/div><\/div>\n\n\n\n<hr class=\"wp-block-separator has-alpha-channel-opacity\"\/>\n\n\n\n<figure class=\"wp-block-image size-full is-resized\"><img loading=\"lazy\" decoding=\"async\" width=\"750\" height=\"500\" src=\"https:\/\/www.lindovino.it\/wp-content\/uploads\/2025\/05\/Valtenesi-Rose-14-febbraio.webp\" alt=\"\" class=\"wp-image-10442\" style=\"width:780px;height:auto\" srcset=\"https:\/\/www.lindovino.it\/wp-content\/uploads\/2025\/05\/Valtenesi-Rose-14-febbraio.webp 750w, https:\/\/www.lindovino.it\/wp-content\/uploads\/2025\/05\/Valtenesi-Rose-14-febbraio-300x200.webp 300w, https:\/\/www.lindovino.it\/wp-content\/uploads\/2025\/05\/Valtenesi-Rose-14-febbraio-150x100.webp 150w, https:\/\/www.lindovino.it\/wp-content\/uploads\/2025\/05\/Valtenesi-Rose-14-febbraio-450x300.webp 450w\" sizes=\"auto, (max-width: 750px) 100vw, 750px\" \/><\/figure>\n\n\n\n<h3 class=\"wp-block-heading\"><em>Torna la pi\u00f9 importante&nbsp;manifestazione dei&nbsp;<strong>Ros\u00e9<\/strong>&nbsp;<strong>Valt\u00e8nesi<\/strong> <strong>in&nbsp;degustazione consapevole<\/strong>. La location dell&#8217;evento sar\u00e0 sulle rive del Lago di Garda, il Castello di Moniga conserva perfettamente la sua struttura medievale, un luogo affascinante in cui immergersi per&nbsp;<strong>sognare<\/strong>.<\/em><\/h3>\n\n\n\n<p><br><strong>42 cantine del territorio<\/strong> vi aspettano per farvi assaporare il meglio dei loro ros\u00e9, in una serata all\u2019insegna del gusto, dell\u2019eleganza e dei tramonti sul <strong>Lago di Garda<\/strong>.<\/p>\n\n\n\n<p>Durante questa manifestazione potrai degustare i <strong>vini Valt\u00e8nesi<\/strong>, ma sempre con consapevolezza: ogni vino potr\u00e0 essere assaggiato <strong>una sola volta<\/strong>.&nbsp;Una scelta pensata per valorizzare ogni sorso e promuovere un approccio responsabile alla <strong>scoperta del Territorio<\/strong>.<\/p>\n\n\n\n<figure class=\"wp-block-image size-full is-resized\"><img loading=\"lazy\" decoding=\"async\" width=\"1200\" height=\"800\" src=\"https:\/\/www.lindovino.it\/wp-content\/uploads\/2025\/05\/valtenesi-in-rosa-2022-2.jpg\" alt=\"\" class=\"wp-image-10439\" style=\"width:780px;height:auto\" srcset=\"https:\/\/www.lindovino.it\/wp-content\/uploads\/2025\/05\/valtenesi-in-rosa-2022-2.jpg 1200w, https:\/\/www.lindovino.it\/wp-content\/uploads\/2025\/05\/valtenesi-in-rosa-2022-2-300x200.jpg 300w, https:\/\/www.lindovino.it\/wp-content\/uploads\/2025\/05\/valtenesi-in-rosa-2022-2-1024x683.jpg 1024w, https:\/\/www.lindovino.it\/wp-content\/uploads\/2025\/05\/valtenesi-in-rosa-2022-2-768x512.jpg 768w, https:\/\/www.lindovino.it\/wp-content\/uploads\/2025\/05\/valtenesi-in-rosa-2022-2-150x100.jpg 150w, https:\/\/www.lindovino.it\/wp-content\/uploads\/2025\/05\/valtenesi-in-rosa-2022-2-450x300.jpg 450w\" sizes=\"auto, (max-width: 1200px) 100vw, 1200px\" \/><\/figure>\n\n\n\n<p class=\"has-large-font-size\"><strong>Programma 2026<\/strong><\/p>\n\n\n\n<p><em><strong>Venerd\u00ec 22 Magg<\/strong><\/em><strong><em>io 202<\/em>6<\/strong><\/p>\n\n\n\n<p>Dalle 18:30 alle 23:00: Si svolger\u00e0 la <strong>&#8220;Degustazione Consapevole Ros\u00e9 Valt\u00e8nesi&#8221; <\/strong>dove ci saranno 42 cantine ad ospitarvi.<\/p>\n\n\n\n<p>Alle 18:30 &#8211; <strong>&#8220;Proclamazione Vincitore del Trofeo Molmenti 2026&#8221;<\/strong><\/p>\n\n\n\n<hr class=\"wp-block-separator has-alpha-channel-opacity\"\/>\n\n\n\n<p><em><strong>Sabato 23 Maggio 20<\/strong><\/em><strong><em>2<\/em>6<\/strong><\/p>\n\n\n\n<p>Dalle 18:30 alle 23:00: Si svolger\u00e0 la <strong>&#8220;Degustazione Consapevole Ros\u00e9 Valt\u00e8nesi&#8221; <\/strong>dove ci saranno 42 cantine ad ospitarvi.<\/p>\n\n\n\n<hr class=\"wp-block-separator has-alpha-channel-opacity\"\/>\n\n\n\n<p><em><strong>Domenica 24 Maggio 20<\/strong><\/em><strong><em>2<\/em>6<\/strong><\/p>\n\n\n\n<p>Dalle 18:30 alle 23:00: Si svolger\u00e0 la <strong>&#8220;Degustazione Consapevole Ros\u00e9 Valt\u00e8nesi&#8221; <\/strong>dove ci saranno 42 cantine ad ospitarvi.<\/p>\n\n\n\n<figure class=\"wp-block-image size-full\"><img loading=\"lazy\" decoding=\"async\" width=\"960\" height=\"720\" src=\"https:\/\/www.lindovino.it\/wp-content\/uploads\/2025\/05\/valtenesi-rosa.jpg\" alt=\"\" class=\"wp-image-10440\" srcset=\"https:\/\/www.lindovino.it\/wp-content\/uploads\/2025\/05\/valtenesi-rosa.jpg 960w, https:\/\/www.lindovino.it\/wp-content\/uploads\/2025\/05\/valtenesi-rosa-300x225.jpg 300w, https:\/\/www.lindovino.it\/wp-content\/uploads\/2025\/05\/valtenesi-rosa-768x576.jpg 768w, https:\/\/www.lindovino.it\/wp-content\/uploads\/2025\/05\/valtenesi-rosa-150x113.jpg 150w, https:\/\/www.lindovino.it\/wp-content\/uploads\/2025\/05\/valtenesi-rosa-450x338.jpg 450w\" sizes=\"auto, (max-width: 960px) 100vw, 960px\" \/><\/figure>\n\n\n\n<p class=\"has-large-font-size\"><strong>Ingresso responsabile:<\/strong><\/p>\n\n\n\n<p>Ingresso riservato ai maggiorenni previa prenotazione del bicchiere che verr\u00e0 consegnato all&#8217;ingresso, ingresso&nbsp;<strong><em>gratuito&nbsp;<\/em><\/strong>ai minori solo su accompagnamento dei genitori.<\/p>\n\n\n\n<p>La prenotazione non \u00e8 obbligatoria, ma caldamente consigliata! (<em>In caso di maltempo la manifestazione verr\u00e0 annullata<\/em>).<\/p>\n\n\n\n<p><strong>Il costo del biglietto \u00e8 di 25\u20ac<\/strong><\/p>\n\n\n\n<p>Acquista il tuo biglietto nel seguente link: <a href=\"https:\/\/www.eventbrite.it\/e\/biglietti-valtenesi-in-rosa-1301965647299?aff=oddtdtcreator\">Bi<\/a><a href=\"https:\/\/www.eventbrite.it\/e\/biglietti-valtenesi-in-rosa-1984620742064?utm-campaign=social&amp;utm-content=attendeeshare&amp;utm-medium=discovery&amp;utm-term=listing&amp;utm-source=cp&amp;aff=ebdsshcopyurl\">glietti<\/a><\/p>\n\n\n\n<p class=\"has-large-font-size\"><strong>Contatti ed Informazioni:<\/strong><\/p>\n\n\n\n<p>Sito dell&#8217;evento: <a href=\"https:\/\/www.valtenesiinrosa.it\/\">Valtenesiinrosa<\/a><\/p>\n\n\n\n<p>e-mail: <a href=\"mailto:valtenesiinrosa@gmail.com\">valtenesiinrosa@gmail.com<\/a><\/p>\n\n\n\n<p>Tel: <a href=\"tel:+390365500811\">0365 500 811<\/a><\/p>\n","protected":false},"excerpt":{"rendered":"<p>Dal 22 Maggio al 24 Maggio 2026 Programma Il programma dell\u2019edizione 2026 Dal 22 Maggio al 24 Maggio 2026Castello di Moniga del GardaDalle 18:30 alle 23:00Aperto al pubblico Torna la pi\u00f9 importante&nbsp;manifestazione dei&nbsp;Ros\u00e9&nbsp;Valt\u00e8nesi in&nbsp;degustazione consapevole. La location dell&#8217;evento sar\u00e0 sulle rive del Lago di Garda, il Castello di Moniga conserva perfettamente la sua struttura medievale,<\/p>\n","protected":false},"author":2,"featured_media":10706,"comment_status":"open","ping_status":"open","sticky":false,"template":"","format":"standard","meta":{"footnotes":""},"categories":[35],"tags":[],"class_list":{"0":"post-10437","1":"post","2":"type-post","3":"status-publish","4":"format-standard","5":"has-post-thumbnail","7":"category-anteprime"},"yoast_head":"<!-- This site is optimized with the Yoast SEO plugin v21.2 - https:\/\/yoast.com\/wordpress\/plugins\/seo\/ -->\n<title>Valtenesi in Rosa 2026 - L&#039;indovino<\/title>\n<meta name=\"robots\" content=\"index, follow, max-snippet:-1, max-image-preview:large, max-video-preview:-1\" \/>\n<link rel=\"canonical\" href=\"https:\/\/www.lindovino.it\/index.php\/2026\/04\/29\/valtenesi-in-rosa-2025\/\" \/>\n<meta property=\"og:locale\" content=\"it_IT\" \/>\n<meta property=\"og:type\" content=\"article\" \/>\n<meta property=\"og:title\" content=\"Valtenesi in Rosa 2026 - L&#039;indovino\" \/>\n<meta property=\"og:description\" content=\"Dal 22 Maggio al 24 Maggio 2026 Programma Il programma dell\u2019edizione 2026 Dal 22 Maggio al 24 Maggio 2026Castello di Moniga del GardaDalle 18:30 alle 23:00Aperto al pubblico Torna la pi\u00f9 importante&nbsp;manifestazione dei&nbsp;Ros\u00e9&nbsp;Valt\u00e8nesi in&nbsp;degustazione consapevole. La location dell&#8217;evento sar\u00e0 sulle rive del Lago di Garda, il Castello di Moniga conserva perfettamente la sua struttura medievale,\" \/>\n<meta property=\"og:url\" content=\"https:\/\/www.lindovino.it\/index.php\/2026\/04\/29\/valtenesi-in-rosa-2025\/\" \/>\n<meta property=\"og:site_name\" content=\"L&#039;indovino\" \/>\n<meta property=\"article:published_time\" content=\"2026-04-29T15:36:32+00:00\" \/>\n<meta property=\"article:modified_time\" content=\"2026-04-29T15:42:01+00:00\" \/>\n<meta property=\"og:image\" content=\"https:\/\/www.lindovino.it\/wp-content\/uploads\/2026\/04\/487495715312798.png\" \/>\n\t<meta property=\"og:image:width\" content=\"1805\" \/>\n\t<meta property=\"og:image:height\" content=\"795\" \/>\n\t<meta property=\"og:image:type\" content=\"image\/png\" \/>\n<meta name=\"author\" content=\"Marzio Dal Toso\" \/>\n<meta name=\"twitter:card\" content=\"summary_large_image\" \/>\n<meta name=\"twitter:label1\" content=\"Scritto da\" \/>\n\t<meta name=\"twitter:data1\" content=\"Marzio Dal Toso\" \/>\n\t<meta name=\"twitter:label2\" content=\"Tempo di lettura stimato\" \/>\n\t<meta name=\"twitter:data2\" content=\"3 minuti\" \/>\n<script type=\"application\/ld+json\" class=\"yoast-schema-graph\">{\"@context\":\"https:\/\/schema.org\",\"@graph\":[{\"@type\":\"WebPage\",\"@id\":\"https:\/\/www.lindovino.it\/index.php\/2026\/04\/29\/valtenesi-in-rosa-2025\/\",\"url\":\"https:\/\/www.lindovino.it\/index.php\/2026\/04\/29\/valtenesi-in-rosa-2025\/\",\"name\":\"Valtenesi in Rosa 2026 - L&#039;indovino\",\"isPartOf\":{\"@id\":\"https:\/\/www.lindovino.it\/#website\"},\"datePublished\":\"2026-04-29T15:36:32+00:00\",\"dateModified\":\"2026-04-29T15:42:01+00:00\",\"author\":{\"@id\":\"https:\/\/www.lindovino.it\/#\/schema\/person\/2d549136e06f2a35952e1b37997eac66\"},\"breadcrumb\":{\"@id\":\"https:\/\/www.lindovino.it\/index.php\/2026\/04\/29\/valtenesi-in-rosa-2025\/#breadcrumb\"},\"inLanguage\":\"it-IT\",\"potentialAction\":[{\"@type\":\"ReadAction\",\"target\":[\"https:\/\/www.lindovino.it\/index.php\/2026\/04\/29\/valtenesi-in-rosa-2025\/\"]}]},{\"@type\":\"BreadcrumbList\",\"@id\":\"https:\/\/www.lindovino.it\/index.php\/2026\/04\/29\/valtenesi-in-rosa-2025\/#breadcrumb\",\"itemListElement\":[{\"@type\":\"ListItem\",\"position\":1,\"name\":\"Home\",\"item\":\"https:\/\/www.lindovino.it\/\"},{\"@type\":\"ListItem\",\"position\":2,\"name\":\"Valtenesi in Rosa 2026\"}]},{\"@type\":\"WebSite\",\"@id\":\"https:\/\/www.lindovino.it\/#website\",\"url\":\"https:\/\/www.lindovino.it\/\",\"name\":\"L&#039;indovino\",\"description\":\"L&#039;Indovino vive il Vino\",\"potentialAction\":[{\"@type\":\"SearchAction\",\"target\":{\"@type\":\"EntryPoint\",\"urlTemplate\":\"https:\/\/www.lindovino.it\/?s={search_term_string}\"},\"query-input\":\"required name=search_term_string\"}],\"inLanguage\":\"it-IT\"},{\"@type\":\"Person\",\"@id\":\"https:\/\/www.lindovino.it\/#\/schema\/person\/2d549136e06f2a35952e1b37997eac66\",\"name\":\"Marzio Dal Toso\",\"image\":{\"@type\":\"ImageObject\",\"inLanguage\":\"it-IT\",\"@id\":\"https:\/\/www.lindovino.it\/#\/schema\/person\/image\/\",\"url\":\"https:\/\/secure.gravatar.com\/avatar\/e16f73b26374df5bb512df26ab7b9a781f40f8d1013981737075352a8bf52ce5?s=96&d=mm&r=g\",\"contentUrl\":\"https:\/\/secure.gravatar.com\/avatar\/e16f73b26374df5bb512df26ab7b9a781f40f8d1013981737075352a8bf52ce5?s=96&d=mm&r=g\",\"caption\":\"Marzio Dal Toso\"},\"url\":\"https:\/\/www.lindovino.it\/index.php\/author\/marziodaltoso\/\"}]}<\/script>\n<!-- \/ Yoast SEO plugin. -->","yoast_head_json":{"title":"Valtenesi in Rosa 2026 - L&#039;indovino","robots":{"index":"index","follow":"follow","max-snippet":"max-snippet:-1","max-image-preview":"max-image-preview:large","max-video-preview":"max-video-preview:-1"},"canonical":"https:\/\/www.lindovino.it\/index.php\/2026\/04\/29\/valtenesi-in-rosa-2025\/","og_locale":"it_IT","og_type":"article","og_title":"Valtenesi in Rosa 2026 - L&#039;indovino","og_description":"Dal 22 Maggio al 24 Maggio 2026 Programma Il programma dell\u2019edizione 2026 Dal 22 Maggio al 24 Maggio 2026Castello di Moniga del GardaDalle 18:30 alle 23:00Aperto al pubblico Torna la pi\u00f9 importante&nbsp;manifestazione dei&nbsp;Ros\u00e9&nbsp;Valt\u00e8nesi in&nbsp;degustazione consapevole. La location dell&#8217;evento sar\u00e0 sulle rive del Lago di Garda, il Castello di Moniga conserva perfettamente la sua struttura medievale,","og_url":"https:\/\/www.lindovino.it\/index.php\/2026\/04\/29\/valtenesi-in-rosa-2025\/","og_site_name":"L&#039;indovino","article_published_time":"2026-04-29T15:36:32+00:00","article_modified_time":"2026-04-29T15:42:01+00:00","og_image":[{"width":1805,"height":795,"url":"https:\/\/www.lindovino.it\/wp-content\/uploads\/2026\/04\/487495715312798.png","type":"image\/png"}],"author":"Marzio Dal Toso","twitter_card":"summary_large_image","twitter_misc":{"Scritto da":"Marzio Dal Toso","Tempo di lettura stimato":"3 minuti"},"schema":{"@context":"https:\/\/schema.org","@graph":[{"@type":"WebPage","@id":"https:\/\/www.lindovino.it\/index.php\/2026\/04\/29\/valtenesi-in-rosa-2025\/","url":"https:\/\/www.lindovino.it\/index.php\/2026\/04\/29\/valtenesi-in-rosa-2025\/","name":"Valtenesi in Rosa 2026 - L&#039;indovino","isPartOf":{"@id":"https:\/\/www.lindovino.it\/#website"},"datePublished":"2026-04-29T15:36:32+00:00","dateModified":"2026-04-29T15:42:01+00:00","author":{"@id":"https:\/\/www.lindovino.it\/#\/schema\/person\/2d549136e06f2a35952e1b37997eac66"},"breadcrumb":{"@id":"https:\/\/www.lindovino.it\/index.php\/2026\/04\/29\/valtenesi-in-rosa-2025\/#breadcrumb"},"inLanguage":"it-IT","potentialAction":[{"@type":"ReadAction","target":["https:\/\/www.lindovino.it\/index.php\/2026\/04\/29\/valtenesi-in-rosa-2025\/"]}]},{"@type":"BreadcrumbList","@id":"https:\/\/www.lindovino.it\/index.php\/2026\/04\/29\/valtenesi-in-rosa-2025\/#breadcrumb","itemListElement":[{"@type":"ListItem","position":1,"name":"Home","item":"https:\/\/www.lindovino.it\/"},{"@type":"ListItem","position":2,"name":"Valtenesi in Rosa 2026"}]},{"@type":"WebSite","@id":"https:\/\/www.lindovino.it\/#website","url":"https:\/\/www.lindovino.it\/","name":"L&#039;indovino","description":"L&#039;Indovino vive il Vino","potentialAction":[{"@type":"SearchAction","target":{"@type":"EntryPoint","urlTemplate":"https:\/\/www.lindovino.it\/?s={search_term_string}"},"query-input":"required name=search_term_string"}],"inLanguage":"it-IT"},{"@type":"Person","@id":"https:\/\/www.lindovino.it\/#\/schema\/person\/2d549136e06f2a35952e1b37997eac66","name":"Marzio Dal Toso","image":{"@type":"ImageObject","inLanguage":"it-IT","@id":"https:\/\/www.lindovino.it\/#\/schema\/person\/image\/","url":"https:\/\/secure.gravatar.com\/avatar\/e16f73b26374df5bb512df26ab7b9a781f40f8d1013981737075352a8bf52ce5?s=96&d=mm&r=g","contentUrl":"https:\/\/secure.gravatar.com\/avatar\/e16f73b26374df5bb512df26ab7b9a781f40f8d1013981737075352a8bf52ce5?s=96&d=mm&r=g","caption":"Marzio Dal Toso"},"url":"https:\/\/www.lindovino.it\/index.php\/author\/marziodaltoso\/"}]}},"_links":{"self":[{"href":"https:\/\/www.lindovino.it\/index.php\/wp-json\/wp\/v2\/posts\/10437","targetHints":{"allow":["GET"]}}],"collection":[{"href":"https:\/\/www.lindovino.it\/index.php\/wp-json\/wp\/v2\/posts"}],"about":[{"href":"https:\/\/www.lindovino.it\/index.php\/wp-json\/wp\/v2\/types\/post"}],"author":[{"embeddable":true,"href":"https:\/\/www.lindovino.it\/index.php\/wp-json\/wp\/v2\/users\/2"}],"replies":[{"embeddable":true,"href":"https:\/\/www.lindovino.it\/index.php\/wp-json\/wp\/v2\/comments?post=10437"}],"version-history":[{"count":3,"href":"https:\/\/www.lindovino.it\/index.php\/wp-json\/wp\/v2\/posts\/10437\/revisions"}],"predecessor-version":[{"id":10707,"href":"https:\/\/www.lindovino.it\/index.php\/wp-json\/wp\/v2\/posts\/10437\/revisions\/10707"}],"wp:featuredmedia":[{"embeddable":true,"href":"https:\/\/www.lindovino.it\/index.php\/wp-json\/wp\/v2\/media\/10706"}],"wp:attachment":[{"href":"https:\/\/www.lindovino.it\/index.php\/wp-json\/wp\/v2\/media?parent=10437"}],"wp:term":[{"taxonomy":"category","embeddable":true,"href":"https:\/\/www.lindovino.it\/index.php\/wp-json\/wp\/v2\/categories?post=10437"},{"taxonomy":"post_tag","embeddable":true,"href":"https:\/\/www.lindovino.it\/index.php\/wp-json\/wp\/v2\/tags?post=10437"}],"curies":[{"name":"wp","href":"https:\/\/api.w.org\/{rel}","templated":true}]}}